{"id":4371,"date":"2025-01-24T11:51:00","date_gmt":"2025-01-24T11:51:00","guid":{"rendered":"https:\/\/crolatam.com\/?p=4371"},"modified":"2025-04-28T14:31:23","modified_gmt":"2025-04-28T14:31:23","slug":"milanovic-se-reunio-con-la-cupula-militar","status":"publish","type":"post","link":"https:\/\/crolatam.com\/hr\/milanovic-se-reunio-con-la-cupula-militar\/","title":{"rendered":"Milanovi\u0107 se sastao s vojnim vodstvom"},"content":{"rendered":"<h3 class=\"wp-block-heading\">Predsjednik Republike i vrhovni zapovjednik Oru\u017eanih snaga, Zoran Milanovi\u0107, sastao se u petak s na\u010delnikom Glavnog sto\u017eera Oru\u017eanih snaga Republike Hrvatske (OSRH) Tihomirom Kundidom i zapovjednicima, gdje je izrazio da \u0107e se i dalje zalagati za razvoj Oru\u017eanih snaga u skladu s izra\u017eenim potrebama i prioritetima.<\/h3><p>Predsjednik Republike i vrhovni zapovjednik Oru\u017eanih snaga, Zoran Milanovi\u0107, sastao se u petak s na\u010delnikom Glavnog sto\u017eera Oru\u017eanih snaga Republike Hrvatske (OSRH) Tihomirom Kundidom i zapovjednicima, gdje je izrazio da \u0107e se i dalje zalagati za razvoj Oru\u017eanih snaga u skladu s izra\u017eenim potrebama i prioritetima.<\/p><p>Tako\u0111er ga je informirao o provedbi opremanja i modernizacije Oru\u017eanih snaga, kao i o planiranoj nabavi vojne opreme.<\/p><p>Iz Ureda predsjednika izvijestili su da je na sastanku bilo rije\u010di i o stanju vojne pri\u010duve te o potrebi ja\u010danja ljudskih resursa Oru\u017eanih snaga.<\/p><figure class=\"wp-block-image size-full\"><img fetchpriority=\"high\" decoding=\"async\" width=\"1024\" height=\"576\" src=\"https:\/\/crolatam.com\/wp-content\/uploads\/2025\/01\/cupula-militar-02.jpg\" alt=\"\" class=\"wp-image-4373\" srcset=\"https:\/\/crolatam.com\/wp-content\/uploads\/2025\/01\/cupula-militar-02.jpg 1024w, https:\/\/crolatam.com\/wp-content\/uploads\/2025\/01\/cupula-militar-02-300x169.jpg 300w, https:\/\/crolatam.com\/wp-content\/uploads\/2025\/01\/cupula-militar-02-768x432.jpg 768w, https:\/\/crolatam.com\/wp-content\/uploads\/2025\/01\/cupula-militar-02-600x338.jpg 600w\" sizes=\"(max-width: 1024px) 100vw, 1024px\" \/><\/figure><p>Uz Kundida, na sastanku su bili ravnatelj Glavnog sto\u017eera Kre\u0161o Tu\u0161kan, pomo\u0107nik na\u010delnika Glavnog sto\u017eera za zdravstvo Boris Zdilar, zapovjednik Hrvatskih kopnenih snaga Bla\u017e Beretin, zapovjednik HRZ-a Michael Kri\u017eanec, zapovjednik Hrvatske ratne mornarice Damir Dojki\u0107, zapovjednik Vojnog u\u010dili\u0161ta \u201cDr. Franjo Tu\u0111man\u201d Slaven Zdilar i zamjenik na\u010delnika Zapovjedni\u0161tva za potporu Ivan Raos.<\/p><figure class=\"wp-block-image size-full\"><img decoding=\"async\" width=\"1024\" height=\"683\" src=\"https:\/\/crolatam.com\/wp-content\/uploads\/2025\/01\/cupula-militar-03.jpg\" alt=\"\" class=\"wp-image-4374\" srcset=\"https:\/\/crolatam.com\/wp-content\/uploads\/2025\/01\/cupula-militar-03.jpg 1024w, https:\/\/crolatam.com\/wp-content\/uploads\/2025\/01\/cupula-militar-03-300x200.jpg 300w, https:\/\/crolatam.com\/wp-content\/uploads\/2025\/01\/cupula-militar-03-768x512.jpg 768w, https:\/\/crolatam.com\/wp-content\/uploads\/2025\/01\/cupula-militar-03-600x400.jpg 600w\" sizes=\"(max-width: 1024px) 100vw, 1024px\" \/><\/figure><p>Uz Milanovi\u0107a, na sastanku su bili prisutni predstojnik Ureda predsjednika Orsat Miljeni\u0107, predsjedni\u010dki savjetnik za obrambene poslove Ivica Oluji\u0107 i predstojnik Vojnog ureda Kabineta za obranu i nacionalnu sigurnost Ureda predsjednika Ivica Kranj\u010devi\u0107.<\/p><p><\/p>","protected":false},"excerpt":{"rendered":"<p>El presidente de la Rep\u00fablica y comandante supremo de las Fuerzas Armadas, Zoran Milanovi\u0107, se reuni\u00f3 el viernes con el jefe del Estado Mayor General de las Fuerzas Armadas de Croacia (OSRH), Tihomir Kundid, y con los comandantes, donde expres\u00f3 que continuar\u00e1 abogando por el desarrollo de las Fuerzas Armadas en l\u00ednea con las necesidades [&hellip;]<\/p>\n","protected":false},"author":1,"featured_media":4372,"comment_status":"closed","ping_status":"open","sticky":false,"template":"","format":"standard","meta":{"footnotes":""},"categories":[78],"tags":[92,110,98],"class_list":["post-4371","post","type-post","status-publish","format-standard","has-post-thumbnail","hentry","category-politica-y-diplomacia","tag-croacia","tag-fuerza-area-croata","tag-politica"],"_links":{"self":[{"href":"https:\/\/crolatam.com\/hr\/wp-json\/wp\/v2\/posts\/4371","targetHints":{"allow":["GET"]}}],"collection":[{"href":"https:\/\/crolatam.com\/hr\/wp-json\/wp\/v2\/posts"}],"about":[{"href":"https:\/\/crolatam.com\/hr\/wp-json\/wp\/v2\/types\/post"}],"author":[{"embeddable":true,"href":"https:\/\/crolatam.com\/hr\/wp-json\/wp\/v2\/users\/1"}],"replies":[{"embeddable":true,"href":"https:\/\/crolatam.com\/hr\/wp-json\/wp\/v2\/comments?post=4371"}],"version-history":[{"count":1,"href":"https:\/\/crolatam.com\/hr\/wp-json\/wp\/v2\/posts\/4371\/revisions"}],"predecessor-version":[{"id":4375,"href":"https:\/\/crolatam.com\/hr\/wp-json\/wp\/v2\/posts\/4371\/revisions\/4375"}],"wp:featuredmedia":[{"embeddable":true,"href":"https:\/\/crolatam.com\/hr\/wp-json\/wp\/v2\/media\/4372"}],"wp:attachment":[{"href":"https:\/\/crolatam.com\/hr\/wp-json\/wp\/v2\/media?parent=4371"}],"wp:term":[{"taxonomy":"category","embeddable":true,"href":"https:\/\/crolatam.com\/hr\/wp-json\/wp\/v2\/categories?post=4371"},{"taxonomy":"post_tag","embeddable":true,"href":"https:\/\/crolatam.com\/hr\/wp-json\/wp\/v2\/tags?post=4371"}],"curies":[{"name":"wp","href":"https:\/\/api.w.org\/{rel}","templated":true}]}}