{"id":4422,"date":"2025-01-24T12:34:00","date_gmt":"2025-01-24T12:34:00","guid":{"rendered":"https:\/\/crolatam.com\/?p=4422"},"modified":"2025-04-28T14:31:23","modified_gmt":"2025-04-28T14:31:23","slug":"la-economia-de-la-zona-euro-no-ha-comenzado-el-ano-de-manera-brillante","status":"publish","type":"post","link":"https:\/\/crolatam.com\/hr\/la-economia-de-la-zona-euro-no-ha-comenzado-el-ano-de-manera-brillante\/","title":{"rendered":"Gospodarstvo eurozone nije imalo sjajan po\u010detak godine."},"content":{"rendered":"<h3 class=\"wp-block-heading\">Proizvodni sektor i dalje otpu\u0161ta radnike i bilje\u017ei pad potra\u017enje, ali tvrtke su istovremeno znatno optimisti\u010dnije u svojim prognozama i o\u010dekuju ve\u0107u proizvodnju unutar godine dana, mo\u017eda zbog neo\u010dekivanog \u201cTrumpovog efekta\u201d ili mo\u017eda zbog procjene da je sektor dosegao dno i da se sada mo\u017ee samo pobolj\u0161ati, napominje ekonomist HCOB-a.<\/h3><p>Poslovna aktivnost u eurozoni neznatno se pove\u0107ala u sije\u010dnju, uz stabilan rast u sektoru usluga i bla\u017ei pad u industriji, prema preliminarnom izvje\u0161\u0107u S&amp;P Globala objavljenom u petak.<\/p><p>Indeks menad\u017eera nabave (PMI) za privatni sektor u eurozoni porastao je za 0,6 bodova u sije\u010dnju u usporedbi s prosincem, dosegnuv\u0161i 50,2 boda, prema preliminarnim izra\u010dunima Hamburg Commercial Bank (HCOB), koja priprema izvje\u0161\u0107a za S&amp;P Global, \u0161to ozna\u010dava prvi rast aktivnosti od kolovoza pro\u0161le godine.<\/p><p>Vrijednosti iznad 50 bodova ukazuju na rast aktivnosti, dok ni\u017ee vrijednosti ukazuju na pad.<\/p><p>\u201cPo\u010detak nove godine je pomalo ohrabruju\u0107i. Privatni sektor ponovno bilje\u017ei slab rast, nakon dva mjeseca pada. Pritisak pada u industriji (na cjelokupno gospodarstvo) donekle je popustio, uz nastavak umjerenog rasta u sektoru usluga\u201d, komentirao je Cyrus de la Rubia, glavni ekonomist u HCOB-u.<\/p><p>Njema\u010dka je odigrala klju\u010dnu ulogu u pobolj\u0161anju gospodarske aktivnosti u eurozoni, istaknuo je De la Rubia, dodaju\u0107i da vrijednost njema\u010dkog PMI-ja ponovno ukazuje na rast.<\/p><p>Nasuprot tome, francusko gospodarstvo je do\u017eivjelo pad na po\u010detku nove godine, dodao je De la Rubia.<\/p><h2 class=\"wp-block-heading\"><strong>Niska vanjska potra\u017enja<\/strong><\/h2><p>Sektor usluga eurozone tako\u0111er je zabilje\u017eio rast u sije\u010dnju, drugi mjesec zaredom, iako samo marginalan i ne\u0161to slabiji nego u prosincu.<\/p><p>Pove\u0107anje potra\u017enje za uslugama je ohrabruju\u0107e, nakon pada ili stagnacije u posljednja \u010detiri mjeseca, napominje glavni ekonomist HCOB-a.<\/p><p>Me\u0111utim, temelji za pobolj\u0161anje ostaju slabi, jer starije narud\u017ebe i dalje opadaju, \u0161to se odnosi i na nove izvozne narud\u017ebe, uklju\u010duju\u0107i turizam, dodaje.<\/p><p>Prema njema\u010dkoj banci, industrija je u sije\u010dnju do\u017eivjela najmanji pad aktivnosti od svibnja pro\u0161le godine.<\/p><p>Proizvodni sektor i dalje otpu\u0161ta radnike i bilje\u017ei pad potra\u017enje, ali tvrtke su, istovremeno, puno optimisti\u010dnije u svojim prognozama i o\u010dekuju ve\u0107u razinu proizvodnje za godinu dana, mo\u017eda zbog neo\u010dekivanog &quot;Trumpovog efekta&quot;, ili mo\u017eda zato \u0161to se procjenjuje da je sektor dotaknuo dno i da se stvari mogu samo pobolj\u0161ati, nagla\u0161ava ekonomist HCOB-a.<\/p><p>Nove narud\u017ebe u ukupnom gospodarstvu ponovno su pale u sije\u010dnju, osmi mjesec zaredom, prema HCOB-u, koji je tako\u0111er primijetio da vanjska potra\u017enja opada ve\u0107 gotovo tri godine.<\/p>","protected":false},"excerpt":{"rendered":"<p>El sector manufacturero sigue despidiendo trabajadores y experimenta una ca\u00edda en la demanda, pero las empresas son al mismo tiempo considerablemente m\u00e1s optimistas en sus pron\u00f3sticos y esperan una mayor producci\u00f3n dentro de un a\u00f1o, quiz\u00e1s debido al inesperado &#8220;efecto Trump&#8221;, o tal vez por la estimaci\u00f3n de que el sector ha tocado fondo y [&hellip;]<\/p>\n","protected":false},"author":1,"featured_media":4423,"comment_status":"closed","ping_status":"open","sticky":false,"template":"","format":"standard","meta":{"footnotes":""},"categories":[75,76,78],"tags":[92,98,107,115],"class_list":["post-4422","post","type-post","status-publish","format-standard","has-post-thumbnail","hentry","category-economia-y-finanzas","category-empresas-y-comercio-exterior","category-politica-y-diplomacia","tag-croacia","tag-politica","tag-relaciones-exteriores","tag-trump"],"_links":{"self":[{"href":"https:\/\/crolatam.com\/hr\/wp-json\/wp\/v2\/posts\/4422","targetHints":{"allow":["GET"]}}],"collection":[{"href":"https:\/\/crolatam.com\/hr\/wp-json\/wp\/v2\/posts"}],"about":[{"href":"https:\/\/crolatam.com\/hr\/wp-json\/wp\/v2\/types\/post"}],"author":[{"embeddable":true,"href":"https:\/\/crolatam.com\/hr\/wp-json\/wp\/v2\/users\/1"}],"replies":[{"embeddable":true,"href":"https:\/\/crolatam.com\/hr\/wp-json\/wp\/v2\/comments?post=4422"}],"version-history":[{"count":1,"href":"https:\/\/crolatam.com\/hr\/wp-json\/wp\/v2\/posts\/4422\/revisions"}],"predecessor-version":[{"id":4424,"href":"https:\/\/crolatam.com\/hr\/wp-json\/wp\/v2\/posts\/4422\/revisions\/4424"}],"wp:featuredmedia":[{"embeddable":true,"href":"https:\/\/crolatam.com\/hr\/wp-json\/wp\/v2\/media\/4423"}],"wp:attachment":[{"href":"https:\/\/crolatam.com\/hr\/wp-json\/wp\/v2\/media?parent=4422"}],"wp:term":[{"taxonomy":"category","embeddable":true,"href":"https:\/\/crolatam.com\/hr\/wp-json\/wp\/v2\/categories?post=4422"},{"taxonomy":"post_tag","embeddable":true,"href":"https:\/\/crolatam.com\/hr\/wp-json\/wp\/v2\/tags?post=4422"}],"curies":[{"name":"wp","href":"https:\/\/api.w.org\/{rel}","templated":true}]}}