{"id":4579,"date":"2025-03-07T12:08:45","date_gmt":"2025-03-07T12:08:45","guid":{"rendered":"https:\/\/crolatam.com\/?p=4579"},"modified":"2025-04-28T14:31:01","modified_gmt":"2025-04-28T14:31:01","slug":"la-guerra-comercial-entre-ee-uu-y-la-ue-se-intensifica-asi-afectaran-los-aranceles-de-trump-a-croacia","status":"publish","type":"post","link":"https:\/\/crolatam.com\/hr\/la-guerra-comercial-entre-ee-uu-y-la-ue-se-intensifica-asi-afectaran-los-aranceles-de-trump-a-croacia\/","title":{"rendered":"Trgovinski rat SAD-a i EU-a se zao\u0161trava: evo kako \u0107e Trumpove tarife utjecati na Hrvatsku"},"content":{"rendered":"<h3 class=\"wp-block-heading\">Donald Trump ha anunciado la imposici\u00f3n de aranceles del 25% a productos de los pa\u00edses de la Uni\u00f3n Europea, con la que EE.UU. mantiene un gran d\u00e9ficit comercial. Desde Bruselas ya han advertido que, si esto sucede, responder\u00e1n r\u00e1pidamente. El impacto econ\u00f3mico de esta guerra comercial ser\u00e1 significativo, aunque a\u00fan es dif\u00edcil de cuantificar.<\/h3><p>Los fabricantes de autom\u00f3viles alemanes ser\u00edan los primeros en sentir la fuerza de esta disputa arancelaria entre EE.UU. y la UE. El aumento de aranceles del 2% actual al 25% ha generado preocupaci\u00f3n en el mundo empresarial.<\/p><p><strong>&#8220;Un arancel del 25% afectar\u00eda gravemente a la industria automotriz y a sus proveedores. Veremos qu\u00e9 medidas toma la UE en respuesta, tal vez logren que Donald Trump ceda. Pero por ahora, no parece que vaya a ser as\u00ed&#8221;,<\/strong> se\u00f1al\u00f3 el analista financiero Arthur Brunner.<\/p><p>Si bien es cierto que la Uni\u00f3n Europea exporta significativamente m\u00e1s productos a EE.UU. de los que importa, los analistas cuestionan si un conflicto comercial puede realmente corregir estos desequilibrios. La preocupaci\u00f3n crece en todos los pa\u00edses miembros, incluida Croacia.<\/p><p><strong>&#8220;Por supuesto que estamos discutiendo este tema con gran intensidad, tanto dentro del Gobierno como a nivel de la UE. Todos nuestros colegas est\u00e1n preocupados. En general, el endurecimiento de las condiciones y las relaciones comerciales no es deseable. Creo que esto puede perjudicar a todos. Nadie saldr\u00e1 como ganador de esta situaci\u00f3n&#8221;,<\/strong> afirm\u00f3 el ministro de Finanzas, Marko Primorac.<\/p><h3 class=\"wp-block-heading\">Impacto en Croacia<\/h3><p>Aunque las exportaciones directas de Croacia a EE.UU. representan solo entre el 3% y el 5% de sus exportaciones totales, las consecuencias indirectas podr\u00edan ser m\u00e1s significativas.<\/p><p><strong>&#8220;Las exportaciones de Croacia a Alemania, Eslovenia, Italia y otros pa\u00edses de la UE estar\u00e1n bajo presi\u00f3n, lo que provocar\u00e1 un efecto en cadena. Estos pa\u00edses ejercer\u00e1n presi\u00f3n sobre nosotros para venderles m\u00e1s barato, de modo que ellos puedan mantener su competitividad en el mercado estadounidense a pesar de los aranceles&#8221;,<\/strong> explic\u00f3 la economista Marijana Ivanov, de la Facultad de Econom\u00eda de Zagreb.<\/p><p>A\u00fan no est\u00e1 claro si habr\u00e1 excepciones a los aranceles, pero la situaci\u00f3n no parece favorable, seg\u00fan la C\u00e1mara de Comercio de Croacia (HGK).<\/p><p><strong>&#8220;Una guerra comercial entre aliados nunca es algo bueno. De hecho, las guerras comerciales nunca lo son, pero es la realidad con la que debemos lidiar y para la que debemos prepararnos&#8221;,<\/strong> expres\u00f3 Goran \u0160aravanja, economista jefe de la HGK.<\/p><p>La Uni\u00f3n Europea mantiene un super\u00e1vit comercial con EE.UU. de aproximadamente 50 mil millones de d\u00f3lares. Estos aranceles podr\u00edan amenazar las exportaciones europeas y, en consecuencia, su PIB, al punto de influir en la pol\u00edtica monetaria del Banco Central Europeo.<\/p><p><strong>&#8220;Es posible que la contracci\u00f3n de las exportaciones a EE.UU. lleve al Banco Central Europeo a reducir significativamente las tasas de inter\u00e9s para estimular el consumo y mejorar las fuentes de financiamiento dentro de la eurozona y la UE&#8221;,<\/strong> coment\u00f3 el analista financiero Hrvoje Japun\u010di\u0107.<\/p><p>El problema para Europa es que la posible reducci\u00f3n de exportaciones a EE.UU. no puede compensarse r\u00e1pidamente con la apertura de nuevos mercados, lo que podr\u00eda generar serias dificultades econ\u00f3micas, concluye HRT.<\/p><p><\/p>","protected":false},"excerpt":{"rendered":"<p>Donald Trump ha anunciado la imposici\u00f3n de aranceles del 25% a productos de los pa\u00edses de la Uni\u00f3n Europea, con la que EE.UU. mantiene un gran d\u00e9ficit comercial. Desde Bruselas ya han advertido que, si esto sucede, responder\u00e1n r\u00e1pidamente. El impacto econ\u00f3mico de esta guerra comercial ser\u00e1 significativo, aunque a\u00fan es dif\u00edcil de cuantificar. Los [&hellip;]<\/p>\n","protected":false},"author":1,"featured_media":4580,"comment_status":"closed","ping_status":"open","sticky":false,"template":"","format":"standard","meta":{"footnotes":""},"categories":[75,76],"tags":[92,158,86,89],"class_list":["post-4579","post","type-post","status-publish","format-standard","has-post-thumbnail","hentry","category-economia-y-finanzas","category-empresas-y-comercio-exterior","tag-croacia","tag-donald-trump","tag-economia","tag-finanzas"],"_links":{"self":[{"href":"https:\/\/crolatam.com\/hr\/wp-json\/wp\/v2\/posts\/4579","targetHints":{"allow":["GET"]}}],"collection":[{"href":"https:\/\/crolatam.com\/hr\/wp-json\/wp\/v2\/posts"}],"about":[{"href":"https:\/\/crolatam.com\/hr\/wp-json\/wp\/v2\/types\/post"}],"author":[{"embeddable":true,"href":"https:\/\/crolatam.com\/hr\/wp-json\/wp\/v2\/users\/1"}],"replies":[{"embeddable":true,"href":"https:\/\/crolatam.com\/hr\/wp-json\/wp\/v2\/comments?post=4579"}],"version-history":[{"count":1,"href":"https:\/\/crolatam.com\/hr\/wp-json\/wp\/v2\/posts\/4579\/revisions"}],"predecessor-version":[{"id":4581,"href":"https:\/\/crolatam.com\/hr\/wp-json\/wp\/v2\/posts\/4579\/revisions\/4581"}],"wp:featuredmedia":[{"embeddable":true,"href":"https:\/\/crolatam.com\/hr\/wp-json\/wp\/v2\/media\/4580"}],"wp:attachment":[{"href":"https:\/\/crolatam.com\/hr\/wp-json\/wp\/v2\/media?parent=4579"}],"wp:term":[{"taxonomy":"category","embeddable":true,"href":"https:\/\/crolatam.com\/hr\/wp-json\/wp\/v2\/categories?post=4579"},{"taxonomy":"post_tag","embeddable":true,"href":"https:\/\/crolatam.com\/hr\/wp-json\/wp\/v2\/tags?post=4579"}],"curies":[{"name":"wp","href":"https:\/\/api.w.org\/{rel}","templated":true}]}}