{"id":4585,"date":"2025-03-03T12:34:38","date_gmt":"2025-03-03T12:34:38","guid":{"rendered":"https:\/\/crolatam.com\/?p=4585"},"modified":"2026-02-13T15:56:02","modified_gmt":"2026-02-13T15:56:02","slug":"la-entrada-de-croacia-en-la-ocde-se-detiene-temporalmente","status":"publish","type":"post","link":"https:\/\/crolatam.com\/hr\/la-entrada-de-croacia-en-la-ocde-se-detiene-temporalmente\/","title":{"rendered":"Ulazak Hrvatske u OECD privremeno je zaustavljen"},"content":{"rendered":"<h3 class=\"wp-block-heading\">El camino de Croacia hacia la adhesi\u00f3n a la OCDE se ha detenido temporalmente. La votaci\u00f3n sobre la membres\u00eda en el Comit\u00e9 de Comercio ha sido pospuesta hasta nuevo aviso, por decisi\u00f3n de la administraci\u00f3n estadounidense debido al conflicto arancelario entre Estados Unidos y la Uni\u00f3n Europea.<\/h3><p>Croacia ha completado las conversaciones de adhesi\u00f3n en 19 de los 25 comit\u00e9s de la OCDE y el plan es completarlas todas antes de fin de a\u00f1o.<\/p><p>Diecisiete comit\u00e9s ya han emitido opiniones oficiales. El Comit\u00e9 de Comercio y el Comit\u00e9 de Medio Ambiente todav\u00eda est\u00e1n esperando.<\/p><p>El Gobierno croata subraya que esto no supone un bloqueo del proceso de adhesi\u00f3n y que la votaci\u00f3n en el Comit\u00e9 de Comercio se completar\u00e1 cuando se cumplan las condiciones.<\/p><h2 class=\"wp-block-heading\">Luci\u0107: No es cierto que EE.UU. est\u00e9 bloqueando la entrada de Croacia en la OCDE<\/h2><p>El secretario de Estado&nbsp;<strong>Zdenko Luci\u0107<\/strong>&nbsp;neg\u00f3 que Estados Unidos est\u00e9 bloqueando la entrada de Croacia en la Organizaci\u00f3n para la Cooperaci\u00f3n y el Desarrollo Econ\u00f3micos (OCDE) despu\u00e9s de que se pospusiera la votaci\u00f3n de Croacia en el comit\u00e9 de comercio, diciendo que estamos alineados con las pol\u00edticas comerciales de la OCDE y que solo estamos esperando una votaci\u00f3n formal sobre la finalizaci\u00f3n del trabajo ante dicho comit\u00e9.<\/p><p>&#8211; No es cierto que Estados Unidos est\u00e9 bloqueando la entrada de Croacia en la OCDE ni tampoco la haya bloqueado en el comit\u00e9 de comercio, dijo a Hina Zdenko Luci\u0107, Secretario de Estado del Ministerio de Asuntos Exteriores y Europeos, despu\u00e9s de que aparecieran en los medios croatas noticias de un &#8220;golpe diplom\u00e1tico de Washington&#8221;.<\/p><p>&#8211; Croacia ha cumplido todos los requisitos de la OCDE, es decir, est\u00e1 alineada con la OCDE en materia de comercio. Los socios estadounidenses han pedido que la votaci\u00f3n se celebre en otro momento, dijo Luci\u0107.<\/p><p>El Secretario de Estado explica que 38 estados miembros deben ponerse de acuerdo sobre una posici\u00f3n un\u00e1nime y luego Croacia concluye su trabajo ante ese comit\u00e9, y agrega que acordar posiciones puede llevar hasta 10 meses.<\/p><p>El Secretario de Estado explic\u00f3 que ya hab\u00eda ocurrido anteriormente que se hab\u00edan aplazado las votaciones en algunas comisiones.<\/p><p>&#8220;Pero esto se ha resuelto en colaboraci\u00f3n con la OCDE y los Estados miembros que ten\u00edan algunas preguntas, as\u00ed que no es nada nuevo, es una especie de procedimiento est\u00e1ndar y no vemos ning\u00fan problema particular aqu\u00ed&#8221;, afirm\u00f3 el Secretario de Estado.<\/p><p>Luci\u0107 a\u00f1adi\u00f3 que el debate en el comit\u00e9 de comercio, celebrado el 15 de octubre del a\u00f1o pasado, &#8220;termin\u00f3 positivamente&#8221;.<\/p><p>&#8211; Seg\u00fan las evaluaciones de la OCDE, Croacia est\u00e1 altamente alineada con las pol\u00edticas comerciales de la OCDE y se espera una votaci\u00f3n formal sobre la finalizaci\u00f3n del trabajo ante ese comit\u00e9, dijo Luci\u0107.<\/p><p>Adem\u00e1s de Croacia, otros dos miembros de la UE, Bulgaria y Rumania, y los pa\u00edses sudamericanos Brasil, Argentina y Per\u00fa est\u00e1n negociando actualmente su adhesi\u00f3n a la OCDE.<\/p><p>El aplazamiento de la votaci\u00f3n se produce en un momento de conflicto comercial entre Estados Unidos y la UE despu\u00e9s de que el presidente estadounidense,&nbsp;<strong>Donald Trump,<\/strong>&nbsp;dijera que impondr\u00eda aranceles del 25 por ciento a las importaciones de la UE.&nbsp;<\/p><p><\/p>","protected":false},"excerpt":{"rendered":"<p>El camino de Croacia hacia la adhesi\u00f3n a la OCDE se ha detenido temporalmente. La votaci\u00f3n sobre la membres\u00eda en el Comit\u00e9 de Comercio ha sido pospuesta hasta nuevo aviso, por decisi\u00f3n de la administraci\u00f3n estadounidense debido al conflicto arancelario entre Estados Unidos y la Uni\u00f3n Europea. Croacia ha completado las conversaciones de adhesi\u00f3n en [&hellip;]<\/p>\n","protected":false},"author":1,"featured_media":4586,"comment_status":"closed","ping_status":"open","sticky":false,"template":"","format":"standard","meta":{"footnotes":""},"categories":[75,78],"tags":[92,158,160,159],"class_list":["post-4585","post","type-post","status-publish","format-standard","has-post-thumbnail","hentry","category-economia-y-finanzas","category-politica-y-diplomacia","tag-croacia","tag-donald-trump","tag-estados-unidos","tag-ocde"],"_links":{"self":[{"href":"https:\/\/crolatam.com\/hr\/wp-json\/wp\/v2\/posts\/4585","targetHints":{"allow":["GET"]}}],"collection":[{"href":"https:\/\/crolatam.com\/hr\/wp-json\/wp\/v2\/posts"}],"about":[{"href":"https:\/\/crolatam.com\/hr\/wp-json\/wp\/v2\/types\/post"}],"author":[{"embeddable":true,"href":"https:\/\/crolatam.com\/hr\/wp-json\/wp\/v2\/users\/1"}],"replies":[{"embeddable":true,"href":"https:\/\/crolatam.com\/hr\/wp-json\/wp\/v2\/comments?post=4585"}],"version-history":[{"count":1,"href":"https:\/\/crolatam.com\/hr\/wp-json\/wp\/v2\/posts\/4585\/revisions"}],"predecessor-version":[{"id":4587,"href":"https:\/\/crolatam.com\/hr\/wp-json\/wp\/v2\/posts\/4585\/revisions\/4587"}],"wp:featuredmedia":[{"embeddable":true,"href":"https:\/\/crolatam.com\/hr\/wp-json\/wp\/v2\/media\/4586"}],"wp:attachment":[{"href":"https:\/\/crolatam.com\/hr\/wp-json\/wp\/v2\/media?parent=4585"}],"wp:term":[{"taxonomy":"category","embeddable":true,"href":"https:\/\/crolatam.com\/hr\/wp-json\/wp\/v2\/categories?post=4585"},{"taxonomy":"post_tag","embeddable":true,"href":"https:\/\/crolatam.com\/hr\/wp-json\/wp\/v2\/tags?post=4585"}],"curies":[{"name":"wp","href":"https:\/\/api.w.org\/{rel}","templated":true}]}}