{"id":4973,"date":"2026-04-21T13:29:11","date_gmt":"2026-04-21T13:29:11","guid":{"rendered":"https:\/\/crolatam.com\/?p=4973"},"modified":"2026-04-21T13:35:36","modified_gmt":"2026-04-21T13:35:36","slug":"guardianas-de-la-trama-se-presento-en-cordoba-con-un-encuentro-que-puso-en-valor-la-memoria-de-la-diaspora-croata","status":"publish","type":"post","link":"https:\/\/crolatam.com\/hr\/guardianas-de-la-trama-se-presento-en-cordoba-con-un-encuentro-que-puso-en-valor-la-memoria-de-la-diaspora-croata\/","title":{"rendered":"\u201c\u010cuvari zavjere\u201d predstavljeni su u C\u00f3rdobi uz sastanak koji je istaknuo sje\u0107anje na hrvatsku dijasporu"},"content":{"rendered":"\t\t<div data-elementor-type=\"wp-post\" data-elementor-id=\"4973\" class=\"elementor elementor-4973\">\n\t\t\t\t<div class=\"elementor-element elementor-element-6f6846b0 e-flex e-con-boxed e-con e-parent\" data-id=\"6f6846b0\" data-element_type=\"container\">\n\t\t\t\t\t<div class=\"e-con-inner\">\n\t\t\t\t<div class=\"elementor-element elementor-element-31c8601 elementor-widget elementor-widget-text-editor\" data-id=\"31c8601\" data-element_type=\"widget\" data-widget_type=\"text-editor.default\">\n\t\t\t\t<div class=\"elementor-widget-container\"><h4><strong>La presentaci\u00f3n del libro reuni\u00f3 a referentes de la comunidad croata y destac\u00f3 el rol de las mujeres en la preservaci\u00f3n de la identidad. La actividad cont\u00f3 con la participaci\u00f3n de la autora Nadya Carro y de la directora editorial Jelena Nadinic.<\/strong><\/h4><p data-start=\"537\" data-end=\"991\">El libro <a href=\"https:\/\/www.mercadolibre.com.ar\/guardianas-de-la-trama--croactivas\/up\/MLAU3810963363\"><em data-start=\"546\" data-end=\"570\">Guardianas de la trama<\/em> <\/a>\u00a0fue presentado el pasado 18 de abril en el Hogar Croata de C\u00f3rdoba, en un encuentro que convoc\u00f3 a una amplia participaci\u00f3n de la comunidad y puso en el centro el valor de la memoria, la identidad y la transmisi\u00f3n cultural en la di\u00e1spora croata. La actividad se desarroll\u00f3 en un clima de cercan\u00eda y reflexi\u00f3n, reafirmando el inter\u00e9s por este tipo de iniciativas que fortalecen los v\u00ednculos entre Croacia y Am\u00e9rica Latina.<\/p>\n<p data-start=\"993\" data-end=\"1482\">La presentaci\u00f3n cont\u00f3 con la presencia de la autora <span class=\"hover:entity-accent entity-underline inline cursor-pointer align-baseline\"><span class=\"whitespace-normal\">Nadya Carro<\/span><\/span>, quien actualmente reside en Villa Mar\u00eda, C\u00f3rdoba, y comparti\u00f3 su experiencia al formar parte del libro. \u201cCuando me enter\u00e9 de la convocatoria sent\u00ed que deb\u00eda contar algo de lo tanto que me contaba mi abuela\u201d, expres\u00f3, en referencia al origen de su relato <em data-start=\"1338\" data-end=\"1386\">Las tradiciones, Krampus e Iv\u00e1n (Krampusnacht)<\/em>, inspirado en la herencia familiar y en las historias transmitidas de generaci\u00f3n en generaci\u00f3n.<\/p>\n<p data-start=\"1484\" data-end=\"1921\">Tambi\u00e9n particip\u00f3 <span class=\"hover:entity-accent entity-underline inline cursor-pointer align-baseline\"><span class=\"whitespace-normal\">Jelena Nadinic<\/span><\/span>, directora editorial de la obra, cofundadora de CroActivas y miembro del Consejo del Gobierno de la Rep\u00fablica de Croacia para los croatas fuera de Croacia. Durante el encuentro, se destac\u00f3 el sentido profundo del libro como un proyecto colectivo que busca rescatar y visibilizar las historias de mujeres croatas en Sudam\u00e9rica, entendidas como portadoras y transmisoras de identidad.<\/p>\n<p data-start=\"1923\" data-end=\"2366\">La moderaci\u00f3n estuvo a cargo de <span class=\"hover:entity-accent entity-underline inline cursor-pointer align-baseline\"><span class=\"whitespace-normal\">Cristian Sprljan<\/span><\/span>, miembro activo de la comunidad croata en C\u00f3rdoba y ex integrante del Consejo del Gobierno de la Rep\u00fablica de Croacia para los croatas fuera de Croacia. Adem\u00e1s, es el organizador del <a href=\"https:\/\/crolatam.com\/cordoba-argentina-sede-encuentro-diaspora-croata-sudamericana-2026\/\">9\u00ba Encuentro de la Di\u00e1spora Croata<\/a>, que se realizar\u00e1 en la ciudad de C\u00f3rdoba del 5 al 8 de noviembre, lo que refuerza su rol en la articulaci\u00f3n de espacios de encuentro para la colectividad.<\/p><\/div>\n\t\t\t\t<\/div>\n\t\t\t\t\t<\/div>\n\t\t\t\t<\/div>\n\t\t<div class=\"elementor-element elementor-element-428d997 e-grid e-con-boxed e-con e-parent\" data-id=\"428d997\" data-element_type=\"container\">\n\t\t\t\t\t<div class=\"e-con-inner\">\n\t\t\t\t<div class=\"elementor-element elementor-element-f97c04b elementor-widget elementor-widget-image\" data-id=\"f97c04b\" data-element_type=\"widget\" data-widget_type=\"image.default\">\n\t\t\t\t<div class=\"elementor-widget-container\">\n\t\t\t\t\t\t\t\t\t\t\t\t\t\t\t<img fetchpriority=\"high\" decoding=\"async\" width=\"640\" height=\"480\" src=\"https:\/\/crolatam.com\/wp-content\/uploads\/2026\/04\/IMG_5820-1024x768.jpg\" class=\"attachment-large size-large wp-image-4977\" alt=\"\" srcset=\"https:\/\/crolatam.com\/wp-content\/uploads\/2026\/04\/IMG_5820-1024x768.jpg 1024w, https:\/\/crolatam.com\/wp-content\/uploads\/2026\/04\/IMG_5820-300x225.jpg 300w, https:\/\/crolatam.com\/wp-content\/uploads\/2026\/04\/IMG_5820-768x576.jpg 768w, https:\/\/crolatam.com\/wp-content\/uploads\/2026\/04\/IMG_5820-1536x1152.jpg 1536w, https:\/\/crolatam.com\/wp-content\/uploads\/2026\/04\/IMG_5820-2048x1536.jpg 2048w, https:\/\/crolatam.com\/wp-content\/uploads\/2026\/04\/IMG_5820-16x12.jpg 16w, https:\/\/crolatam.com\/wp-content\/uploads\/2026\/04\/IMG_5820-600x450.jpg 600w\" sizes=\"(max-width: 640px) 100vw, 640px\" \/>\t\t\t\t\t\t\t\t\t\t\t\t\t\t\t<\/div>\n\t\t\t\t<\/div>\n\t\t\t\t<div class=\"elementor-element elementor-element-0b703e8 elementor-widget elementor-widget-image\" data-id=\"0b703e8\" data-element_type=\"widget\" data-widget_type=\"image.default\">\n\t\t\t\t<div class=\"elementor-widget-container\">\n\t\t\t\t\t\t\t\t\t\t\t\t\t\t\t<img decoding=\"async\" width=\"640\" height=\"480\" src=\"https:\/\/crolatam.com\/wp-content\/uploads\/2026\/04\/WhatsApp-Image-2026-04-18-at-21.39.29-1024x768.jpeg\" class=\"attachment-large size-large wp-image-4978\" alt=\"\" srcset=\"https:\/\/crolatam.com\/wp-content\/uploads\/2026\/04\/WhatsApp-Image-2026-04-18-at-21.39.29-1024x768.jpeg 1024w, https:\/\/crolatam.com\/wp-content\/uploads\/2026\/04\/WhatsApp-Image-2026-04-18-at-21.39.29-300x225.jpeg 300w, https:\/\/crolatam.com\/wp-content\/uploads\/2026\/04\/WhatsApp-Image-2026-04-18-at-21.39.29-768x576.jpeg 768w, https:\/\/crolatam.com\/wp-content\/uploads\/2026\/04\/WhatsApp-Image-2026-04-18-at-21.39.29-1536x1152.jpeg 1536w, https:\/\/crolatam.com\/wp-content\/uploads\/2026\/04\/WhatsApp-Image-2026-04-18-at-21.39.29-16x12.jpeg 16w, https:\/\/crolatam.com\/wp-content\/uploads\/2026\/04\/WhatsApp-Image-2026-04-18-at-21.39.29-600x450.jpeg 600w, https:\/\/crolatam.com\/wp-content\/uploads\/2026\/04\/WhatsApp-Image-2026-04-18-at-21.39.29.jpeg 1600w\" sizes=\"(max-width: 640px) 100vw, 640px\" \/>\t\t\t\t\t\t\t\t\t\t\t\t\t\t\t<\/div>\n\t\t\t\t<\/div>\n\t\t\t\t\t<\/div>\n\t\t\t\t<\/div>\n\t\t<div class=\"elementor-element elementor-element-7f224bb e-flex e-con-boxed e-con e-parent\" data-id=\"7f224bb\" data-element_type=\"container\">\n\t\t\t\t\t<div class=\"e-con-inner\">\n\t\t\t\t<div class=\"elementor-element elementor-element-5a42301 elementor-widget elementor-widget-text-editor\" data-id=\"5a42301\" data-element_type=\"widget\" data-widget_type=\"text-editor.default\">\n\t\t\t\t<div class=\"elementor-widget-container\">\n\t\t\t\t\t\t\t\t\t<p data-start=\"2368\" data-end=\"2813\">El libro re\u00fane 25 relatos que abordan historias personales atravesadas por la migraci\u00f3n, la memoria y la construcci\u00f3n de identidad. Tal como se\u00f1ala su pr\u00f3logo, conocer el origen y las historias heredadas no es un gesto nost\u00e1lgico, sino un acto de afirmaci\u00f3n que permite comprender el presente. En este sentido, la obra se presenta como un \u201ctejido vivo\u201d, donde las experiencias individuales se entrelazan para dar forma a una narrativa colectiva.<\/p>\n<p data-start=\"2815\" data-end=\"3192\">La actividad en C\u00f3rdoba no solo signific\u00f3 la presentaci\u00f3n de un libro, sino tambi\u00e9n un espacio de encuentro y reconocimiento para la comunidad, en el que se puso en valor el rol de las mujeres como \u201cguardianas de la trama\u201d: aquellas que, a trav\u00e9s de la transmisi\u00f3n de costumbres, relatos y v\u00ednculos, han sostenido la identidad croata en contextos de migraci\u00f3n y transformaci\u00f3n.<\/p>\t\t\t\t\t\t\t\t<\/div>\n\t\t\t\t<\/div>\n\t\t\t\t\t<\/div>\n\t\t\t\t<\/div>\n\t\t<div class=\"elementor-element elementor-element-a5bb9fb e-flex e-con-boxed e-con e-parent\" data-id=\"a5bb9fb\" data-element_type=\"container\">\n\t\t\t\t\t<div class=\"e-con-inner\">\n\t\t<div class=\"elementor-element elementor-element-59486d4 e-con-full e-flex e-con e-child\" data-id=\"59486d4\" data-element_type=\"container\">\n\t\t\t\t<div class=\"elementor-element elementor-element-d042025 elementor-widget elementor-widget-image\" data-id=\"d042025\" data-element_type=\"widget\" data-widget_type=\"image.default\">\n\t\t\t\t<div class=\"elementor-widget-container\">\n\t\t\t\t\t\t\t\t\t\t\t\t<figure class=\"wp-caption\">\n\t\t\t\t\t\t\t\t\t\t<img decoding=\"async\" src=\"https:\/\/crolatam.com\/wp-content\/uploads\/elementor\/thumbs\/CroActivas-perfil-rmc2p6nhklquh9akg0xxsga2jr6mi86migmvbp3ei4.png\" title=\"CroActivas perfil\" alt=\"CroActivas perfil\" loading=\"lazy\" \/>\t\t\t\t\t\t\t\t\t\t\t<figcaption class=\"widget-image-caption wp-caption-text\">CroActivas perfil<\/figcaption>\n\t\t\t\t\t\t\t\t\t\t<\/figure>\n\t\t\t\t\t\t\t\t\t<\/div>\n\t\t\t\t<\/div>\n\t\t\t\t<\/div>\n\t\t<div class=\"elementor-element elementor-element-ee0bd8c e-con-full e-flex e-con e-child\" data-id=\"ee0bd8c\" data-element_type=\"container\">\n\t\t\t\t<div class=\"elementor-element elementor-element-a1d6613 elementor-widget elementor-widget-text-editor\" data-id=\"a1d6613\" data-element_type=\"widget\" data-widget_type=\"text-editor.default\">\n\t\t\t\t<div class=\"elementor-widget-container\">\n\t\t\t\t\t\t\t\t\t<h3>Perfil | CroActivas<\/h3>\n<section class=\"text-token-text-primary w-full focus:outline-none [--shadow-height:45px] has-data-writing-block:pointer-events-none has-data-writing-block:-mt-(--shadow-height) has-data-writing-block:pt-(--shadow-height) [&amp;:has([data-writing-block])&gt;*]:pointer-events-auto R6Vx5W_threadScrollVars scroll-mb-[calc(var(--scroll-root-safe-area-inset-bottom,0px)+var(--thread-response-height))] scroll-mt-(--header-height)\" dir=\"auto\" data-turn-id=\"b7ed302c-18fe-4db9-a941-a868b344780e\" data-testid=\"conversation-turn-1\" data-scroll-anchor=\"false\" data-turn=\"user\"><\/section>\n<section class=\"text-token-text-primary w-full focus:outline-none [--shadow-height:45px] has-data-writing-block:pointer-events-none has-data-writing-block:-mt-(--shadow-height) has-data-writing-block:pt-(--shadow-height) [&amp;:has([data-writing-block])&gt;*]:pointer-events-auto [content-visibility:auto] supports-[content-visibility:auto]:[contain-intrinsic-size:auto_100lvh] R6Vx5W_threadScrollVars scroll-mb-[calc(var(--scroll-root-safe-area-inset-bottom,0px)+var(--thread-response-height))] scroll-mt-[calc(var(--header-height)+min(200px,max(70px,20svh)))]\" dir=\"auto\" data-turn-id=\"request-WEB:1976dd5a-09ae-41ff-af6b-ab2d02779f88-0\" data-testid=\"conversation-turn-2\" data-scroll-anchor=\"false\" data-turn=\"assistant\">\n<div class=\"text-base my-auto mx-auto pb-10 [--thread-content-margin:var(--thread-content-margin-xs,calc(var(--spacing)*4))] @w-sm\/main:[--thread-content-margin:var(--thread-content-margin-sm,calc(var(--spacing)*6))] @w-lg\/main:[--thread-content-margin:var(--thread-content-margin-lg,calc(var(--spacing)*16))] px-(--thread-content-margin)\">\n<div class=\"[--thread-content-max-width:40rem] @w-lg\/main:[--thread-content-max-width:48rem] mx-auto max-w-(--thread-content-max-width) flex-1 group\/turn-messages focus-visible:outline-hidden relative flex w-full min-w-0 flex-col agent-turn\">\n<div class=\"flex max-w-full flex-col gap-4 grow\">\n<div class=\"min-h-8 text-message relative flex w-full flex-col items-end gap-2 text-start break-words whitespace-normal outline-none keyboard-focused:focus-ring [.text-message+&amp;]:mt-1\" dir=\"auto\" tabindex=\"0\" data-message-author-role=\"assistant\" data-message-id=\"c3d6dc3e-fbcd-421c-b4be-506ae4a4dc10\" data-turn-start-message=\"true\" data-message-model-slug=\"gpt-5-3\">\n<div class=\"flex w-full flex-col gap-1 empty:hidden\">\n<div class=\"streaming-animation markdown prose dark:prose-invert w-full wrap-break-word light markdown-new-styling\">\n<p data-start=\"0\" data-end=\"242\">CroActivas es una red que re\u00fane a mujeres croatas y descendientes de croatas de habla hispana y portuguesa en Latinoam\u00e9rica, con el prop\u00f3sito de generar v\u00ednculos, fortalecer la identidad cultural y promover el desarrollo personal y colectivo.<\/p>\n<p data-start=\"244\" data-end=\"506\">A trav\u00e9s de distintas iniciativas \u2014encuentros, charlas, contenidos y proyectos colaborativos\u2014, CroActivas impulsa el intercambio de experiencias entre mujeres de la di\u00e1spora, poniendo en valor sus historias, trayectorias y el legado cultural croata en la regi\u00f3n.<\/p>\n<p data-start=\"508\" data-end=\"740\">La red se distingue por su enfoque en la construcci\u00f3n de comunidad, el liderazgo femenino y la trascendencia hacia futuras generaciones, fomentando espacios donde la cultura, la memoria y el crecimiento compartido son protagonistas.<\/p>\n<p data-start=\"742\" data-end=\"943\">Quienes forman parte de CroActivas encuentran un lugar de pertenencia, conexi\u00f3n y proyecci\u00f3n, integr\u00e1ndose a una comunidad activa que busca preservar sus ra\u00edces mientras construye nuevas oportunidades.<\/p>\n<p data-start=\"945\" data-end=\"1043\" data-is-last-node=\"\" data-is-only-node=\"\">Si quer\u00e9s sumarte a la red, completa tus datos aqu\u00ed: <a href=\"https:\/\/forms.gle\/3DMAZSUt6vFmxq4QA\">https:\/\/forms.gle\/3DMAZSUt6vFmxq4QA<\/a><\/p>\n<p data-start=\"945\" data-end=\"1043\" data-is-last-node=\"\" data-is-only-node=\"\">Cononce m\u00e1s en sus redes:<\/p>\n<ul>\n<li data-start=\"945\" data-end=\"1043\">Facebook: https:\/\/www.facebook.com\/croactivas<\/li>\n<li data-start=\"945\" data-end=\"1043\">Instagram: https:\/\/www.instagram.com\/croactivas<\/li>\n<li data-start=\"945\" data-end=\"1043\">Linkedin: https:\/\/www.linkedin.com\/in\/croactivas-red-de-mujeres-278309262\/<\/li>\n<\/ul>\n<\/div>\n<\/div>\n<\/div>\n<\/div>\n<\/div>\n<\/div>\n<\/section>\t\t\t\t\t\t\t\t<\/div>\n\t\t\t\t<\/div>\n\t\t\t\t<\/div>\n\t\t\t\t\t<\/div>\n\t\t\t\t<\/div>\t\t<\/div>\n\t\t","protected":false},"excerpt":{"rendered":"<p>Promocija knjige okupila je vode\u0107e osobe iz hrvatske zajednice i istaknula ulogu \u017eena u o\u010duvanju njihovog identiteta. Na doga\u0111aju su sudjelovale autorica Nadya Carro i urednica Jelena Nadini\u0107.<\/p>","protected":false},"author":3,"featured_media":4975,"comment_status":"closed","ping_status":"closed","sticky":false,"template":"","format":"standard","meta":{"footnotes":""},"categories":[79,84],"tags":[92,88,87],"class_list":["post-4973","post","type-post","status-publish","format-standard","has-post-thumbnail","hentry","category-cultura-y-sociedad","category-migracion-y-diaspora","tag-croacia","tag-diaspora","tag-migracion"],"_links":{"self":[{"href":"https:\/\/crolatam.com\/hr\/wp-json\/wp\/v2\/posts\/4973","targetHints":{"allow":["GET"]}}],"collection":[{"href":"https:\/\/crolatam.com\/hr\/wp-json\/wp\/v2\/posts"}],"about":[{"href":"https:\/\/crolatam.com\/hr\/wp-json\/wp\/v2\/types\/post"}],"author":[{"embeddable":true,"href":"https:\/\/crolatam.com\/hr\/wp-json\/wp\/v2\/users\/3"}],"replies":[{"embeddable":true,"href":"https:\/\/crolatam.com\/hr\/wp-json\/wp\/v2\/comments?post=4973"}],"version-history":[{"count":8,"href":"https:\/\/crolatam.com\/hr\/wp-json\/wp\/v2\/posts\/4973\/revisions"}],"predecessor-version":[{"id":4985,"href":"https:\/\/crolatam.com\/hr\/wp-json\/wp\/v2\/posts\/4973\/revisions\/4985"}],"wp:featuredmedia":[{"embeddable":true,"href":"https:\/\/crolatam.com\/hr\/wp-json\/wp\/v2\/media\/4975"}],"wp:attachment":[{"href":"https:\/\/crolatam.com\/hr\/wp-json\/wp\/v2\/media?parent=4973"}],"wp:term":[{"taxonomy":"category","embeddable":true,"href":"https:\/\/crolatam.com\/hr\/wp-json\/wp\/v2\/categories?post=4973"},{"taxonomy":"post_tag","embeddable":true,"href":"https:\/\/crolatam.com\/hr\/wp-json\/wp\/v2\/tags?post=4973"}],"curies":[{"name":"wp","href":"https:\/\/api.w.org\/{rel}","templated":true}]}}