{"id":5030,"date":"2026-04-25T21:51:14","date_gmt":"2026-04-25T21:51:14","guid":{"rendered":"https:\/\/crolatam.com\/?p=5030"},"modified":"2026-04-25T21:53:49","modified_gmt":"2026-04-25T21:53:49","slug":"croacia-impulsa-una-nueva-ley-de-renovacion-demografica-con-foco-en-la-diaspora-y-la-natalidad","status":"publish","type":"post","link":"https:\/\/crolatam.com\/hr\/croacia-impulsa-una-nueva-ley-de-renovacion-demografica-con-foco-en-la-diaspora-y-la-natalidad\/","title":{"rendered":"Hrvatska promovira novi zakon o demografskoj obnovi s fokusom na dijasporu i stopu nataliteta"},"content":{"rendered":"<h3 class=\"wp-block-heading\">Hrvatska vlada napreduje u razvoju sveobuhvatnog zakonodavnog okvira za rje\u0161avanje demografskog izazova. Inicijativa ima za cilj potaknuti povratak iseljenika, pobolj\u0161ati uvjete za obitelji i oja\u010dati javne politike s fokusom na stanovni\u0161tvo.<\/h3><p>Croacia dio un paso relevante en su estrategia para abordar los desaf\u00edos demogr\u00e1ficos con la creaci\u00f3n de un Consejo Cient\u00edfico encargado de redactar una nueva Ley de Renovaci\u00f3n Demogr\u00e1fica. La iniciativa, impulsada por el Ministerio de Demograf\u00eda e Inmigraci\u00f3n, apunta a establecer un enfoque coordinado y sostenible que articule pol\u00edticas en todos los niveles del Estado.<\/p><p>El Consejo est\u00e1 conformado por alrededor de 40 especialistas provenientes de la Academia Croata de Ciencias y Artes, universidades y otros \u00e1mbitos acad\u00e9micos. Su tarea ser\u00e1 aportar an\u00e1lisis, modelos basados en evidencia y propuestas concretas que sirvan de base para el desarrollo de la futura legislaci\u00f3n.<\/p><p>El proyecto de ley pondr\u00e1 \u00e9nfasis en pol\u00edticas pronatalistas, en la mejora de las condiciones para las familias y en el est\u00edmulo al retorno de emigrantes croatas. Asimismo, se busca integrar la dimensi\u00f3n demogr\u00e1fica en distintas \u00e1reas de la pol\u00edtica p\u00fablica, reconociendo su car\u00e1cter transversal y estrat\u00e9gico.<\/p><p>Dentro de este enfoque, se prestar\u00e1 especial atenci\u00f3n a regiones afectadas por la despoblaci\u00f3n, como Eslavonia, Lika, Banovina y el interior de Dalmacia, que han registrado una significativa salida de poblaci\u00f3n en los \u00faltimos a\u00f1os. El objetivo es revertir estas tendencias mediante medidas espec\u00edficas que favorezcan el arraigo y el desarrollo local.<\/p><p>El gobierno tambi\u00e9n apunta a fortalecer los v\u00ednculos con la di\u00e1spora, no solo promoviendo el regreso de ciudadanos que emigraron a pa\u00edses como Alemania e Irlanda, sino tambi\u00e9n generando condiciones para atraer a descendientes de croatas en regiones m\u00e1s lejanas, entre ellas Am\u00e9rica del Sur.<\/p><p>El ministro de Demograf\u00eda e Inmigraci\u00f3n, Ivan \u0160ipi\u0107, subray\u00f3 que la renovaci\u00f3n demogr\u00e1fica constituye una prioridad nacional de largo plazo que trasciende diferencias pol\u00edticas. En esa l\u00ednea, destac\u00f3 la necesidad de construir un marco basado en el conocimiento y con participaci\u00f3n amplia de expertos y de la sociedad.<\/p><p>Desde el \u00e1mbito acad\u00e9mico, se enfatiz\u00f3 que revertir las tendencias demogr\u00e1ficas negativas requerir\u00e1 un enfoque integral y sostenido en el tiempo. En paralelo, el Ministerio se\u00f1al\u00f3 algunos indicadores iniciales positivos, como una reducci\u00f3n en la brecha entre nacimientos y defunciones durante el primer trimestre de 2026 en comparaci\u00f3n con el mismo per\u00edodo del a\u00f1o anterior.<\/p><p>El Consejo Cient\u00edfico trabajar\u00e1 a trav\u00e9s de comit\u00e9s especializados y prev\u00e9 iniciar sus primeras instancias de debate en junio. Sus conclusiones servir\u00e1n de base para un grupo de trabajo encargado de redactar el proyecto de ley, que podr\u00eda estar listo antes de fin de a\u00f1o para su posterior tratamiento parlamentario.<\/p><p>Fuente: Croatia Week<\/p><p><\/p>","protected":false},"excerpt":{"rendered":"<p>Hrvatska vlada napreduje u razvoju sveobuhvatnog zakonodavnog okvira za rje\u0161avanje demografskog izazova. Inicijativa ima za cilj potaknuti povratak iseljenika, pobolj\u0161ati uvjete za obitelji i oja\u010dati javne politike s fokusom na stanovni\u0161tvo.<\/p>","protected":false},"author":3,"featured_media":5032,"comment_status":"closed","ping_status":"closed","sticky":false,"template":"","format":"standard","meta":{"footnotes":""},"categories":[75,84,163],"tags":[92,312,88,171,87],"class_list":["post-5030","post","type-post","status-publish","format-standard","has-post-thumbnail","hentry","category-economia-y-finanzas","category-migracion-y-diaspora","category-politica-y-sociedad","tag-croacia","tag-demografia","tag-diaspora","tag-diasporacroata","tag-migracion"],"_links":{"self":[{"href":"https:\/\/crolatam.com\/hr\/wp-json\/wp\/v2\/posts\/5030","targetHints":{"allow":["GET"]}}],"collection":[{"href":"https:\/\/crolatam.com\/hr\/wp-json\/wp\/v2\/posts"}],"about":[{"href":"https:\/\/crolatam.com\/hr\/wp-json\/wp\/v2\/types\/post"}],"author":[{"embeddable":true,"href":"https:\/\/crolatam.com\/hr\/wp-json\/wp\/v2\/users\/3"}],"replies":[{"embeddable":true,"href":"https:\/\/crolatam.com\/hr\/wp-json\/wp\/v2\/comments?post=5030"}],"version-history":[{"count":2,"href":"https:\/\/crolatam.com\/hr\/wp-json\/wp\/v2\/posts\/5030\/revisions"}],"predecessor-version":[{"id":5033,"href":"https:\/\/crolatam.com\/hr\/wp-json\/wp\/v2\/posts\/5030\/revisions\/5033"}],"wp:featuredmedia":[{"embeddable":true,"href":"https:\/\/crolatam.com\/hr\/wp-json\/wp\/v2\/media\/5032"}],"wp:attachment":[{"href":"https:\/\/crolatam.com\/hr\/wp-json\/wp\/v2\/media?parent=5030"}],"wp:term":[{"taxonomy":"category","embeddable":true,"href":"https:\/\/crolatam.com\/hr\/wp-json\/wp\/v2\/categories?post=5030"},{"taxonomy":"post_tag","embeddable":true,"href":"https:\/\/crolatam.com\/hr\/wp-json\/wp\/v2\/tags?post=5030"}],"curies":[{"name":"wp","href":"https:\/\/api.w.org\/{rel}","templated":true}]}}