{"id":4343,"date":"2025-01-22T11:46:00","date_gmt":"2025-01-22T11:46:00","guid":{"rendered":"https:\/\/crolatam.com\/?p=4343"},"modified":"2025-04-28T14:31:23","modified_gmt":"2025-04-28T14:31:23","slug":"coalicion-del-gobierno-conversa-sobre-el-nuevo-ministro-de-agricultura","status":"publish","type":"post","link":"https:\/\/crolatam.com\/hrv\/coalicion-del-gobierno-conversa-sobre-el-nuevo-ministro-de-agricultura\/","title":{"rendered":"Rasprava o zakonodavnom paketu o klimi i energiji"},"content":{"rendered":"<h3 class=\"wp-block-heading\">U srijedu je Sabor raspravljao o nacrtu zakona o klimatskim promjenama i za\u0161titi ozonskog omota\u010da, kojim se provode direktive iz klimatsko-energetskog paketa Europske unije &quot;Spremni za 55&quot; vezane uz smanjenje emisija stakleni\u010dkih plinova (EU ETS) do 2030. godine.<\/h3><p>\u201cPrijedlog zakona doprinosi ciljevima koje Hrvatska mora ispuniti u skladu s direktivama i uredbama kako bi se emisije stakleni\u010dkih plinova u EU smanjile za 55 posto do 2030. godine\u201d, naglasila je ministrica za\u0161tite okoli\u0161a i zelene tranzicije Marija Vu\u010dkovi\u0107.<\/p><p>Osim toga, zadr\u017eavaju se i odredbe o obvezuju\u0107im godi\u0161njim smanjenjima stakleni\u010dkih plinova, prema kojima sektori izvan sustava trgovanja emisijama (razni industrijski procesi, kori\u0161tenje proizvoda, zgrade, poljoprivreda, gospodarenje otpadom, cestovni i necestovni promet) moraju smanjiti emisije za najmanje 16,7 posto u usporedbi s razinama iz 2005. godine.<\/p><p>Zastupnici su tako\u0111er hitno raspravljali o kona\u010dnom predlo\u017eenom amandmanu na Zakon o zastupanju u podru\u010dju prava industrijskog vlasni\u0161tva, kojim se \u0161panjolsko zakonodavstvo uskla\u0111uje sa Zakonom o reguliranim profesijama i Direktivom Europskog parlamenta i Vije\u0107a od 20. studenog 2013. Ovaj amandman omogu\u0107it \u0107e prekograni\u010dno pru\u017eanje usluga od strane patentnih agenata i zastupnika za \u017eigove na privremenoj i povremenoj osnovi za pru\u017eatelje usluga unutar Europskog gospodarskog prostora (EGP). Nadalje, omogu\u0107it \u0107e priznavanje stranih kvalifikacija za patentne i \u017eigovne agente EGP-a. Ove \u0107e usluge biti dostupne i pru\u017eateljima usluga iz zemalja koje su potpisale OECD-ov Kodeks o slobodi \u017eigova.<\/p><p>HRT vijesti mo\u017eete pratiti na svojim pametnim telefonima i tabletima putem aplikacija za&nbsp;<a href=\"https:\/\/apps.apple.com\/hr\/app\/hrtvijesti\/id1457183989?l=hr\">iOS<\/a>&nbsp;y&nbsp;<a href=\"https:\/\/play.google.com\/store\/apps\/details?id=hr.hrt.vijesti\">Android<\/a>&nbsp;.&nbsp;<\/p><p>Pratite nas na dru\u0161tvenim mre\u017eama!&nbsp;<a href=\"https:\/\/www.facebook.com\/HRTvijesti\/\">Facebook<\/a>&nbsp;,&nbsp;<a href=\"https:\/\/twitter.com\/hrtvijesti\">Cvrkut<\/a>&nbsp;,&nbsp;<a href=\"https:\/\/www.instagram.com\/hrvatska_radiotelevizija\/\">Instagram<\/a>&nbsp;,&nbsp;<a href=\"https:\/\/www.tiktok.com\/@hrvatska_radiotelevizija\">TikTok<\/a>&nbsp;y&nbsp;<a href=\"https:\/\/www.youtube.com\/user\/HRTnovimediji\">YouTube<\/a>&nbsp;!<\/p><p><\/p>","protected":false},"excerpt":{"rendered":"<p>El mi\u00e9rcoles, el Parlamento discuti\u00f3 el proyecto de ley sobre cambio clim\u00e1tico y protecci\u00f3n de la capa de\u00a0ozono, que implementa las directivas del paquete legislativo sobre clima y energ\u00eda &#8220;Ready for 55&#8221; de la\u00a0Uni\u00f3n Europea relacionado con la reducci\u00f3n de las emisiones de gases de efecto invernadero (EU ETS)\u00a0para 2030. &#8220;La ley propuesta contribuye a [&hellip;]<\/p>\n","protected":false},"author":1,"featured_media":4351,"comment_status":"closed","ping_status":"open","sticky":false,"template":"","format":"standard","meta":{"footnotes":""},"categories":[78],"tags":[99,92,100,98],"class_list":["post-4343","post","type-post","status-publish","format-standard","has-post-thumbnail","hentry","category-politica-y-diplomacia","tag-clima","tag-croacia","tag-energia","tag-politica"],"_links":{"self":[{"href":"https:\/\/crolatam.com\/hrv\/wp-json\/wp\/v2\/posts\/4343","targetHints":{"allow":["GET"]}}],"collection":[{"href":"https:\/\/crolatam.com\/hrv\/wp-json\/wp\/v2\/posts"}],"about":[{"href":"https:\/\/crolatam.com\/hrv\/wp-json\/wp\/v2\/types\/post"}],"author":[{"embeddable":true,"href":"https:\/\/crolatam.com\/hrv\/wp-json\/wp\/v2\/users\/1"}],"replies":[{"embeddable":true,"href":"https:\/\/crolatam.com\/hrv\/wp-json\/wp\/v2\/comments?post=4343"}],"version-history":[{"count":2,"href":"https:\/\/crolatam.com\/hrv\/wp-json\/wp\/v2\/posts\/4343\/revisions"}],"predecessor-version":[{"id":4352,"href":"https:\/\/crolatam.com\/hrv\/wp-json\/wp\/v2\/posts\/4343\/revisions\/4352"}],"wp:featuredmedia":[{"embeddable":true,"href":"https:\/\/crolatam.com\/hrv\/wp-json\/wp\/v2\/media\/4351"}],"wp:attachment":[{"href":"https:\/\/crolatam.com\/hrv\/wp-json\/wp\/v2\/media?parent=4343"}],"wp:term":[{"taxonomy":"category","embeddable":true,"href":"https:\/\/crolatam.com\/hrv\/wp-json\/wp\/v2\/categories?post=4343"},{"taxonomy":"post_tag","embeddable":true,"href":"https:\/\/crolatam.com\/hrv\/wp-json\/wp\/v2\/tags?post=4343"}],"curies":[{"name":"wp","href":"https:\/\/api.w.org\/{rel}","templated":true}]}}