{"id":4359,"date":"2025-01-24T15:47:31","date_gmt":"2025-01-24T15:47:31","guid":{"rendered":"https:\/\/crolatam.com\/?p=4359"},"modified":"2025-04-28T14:31:23","modified_gmt":"2025-04-28T14:31:23","slug":"el-gobierno-suegiere-evitar-los-viajes-a-serbia","status":"publish","type":"post","link":"https:\/\/crolatam.com\/hrv\/el-gobierno-suegiere-evitar-los-viajes-a-serbia\/","title":{"rendered":"Vlada predla\u017ee izbjegavanje putovanja u Srbiju."},"content":{"rendered":"<h3 class=\"wp-block-heading\">Ministarstvo vanjskih poslova preporu\u010dilo je odgodu putovanja u Srbiju zbog neprimjerenog i neutemeljenog postupanja prema hrvatskim gra\u0111anima, nakon \u0161to je pet Hrvatica, predstavnica nevladinih organizacija, koje su sudjelovale u radionicama koje je u Beogradu organizirala Erste zaklada, pritvoreno u Srbiji, a zatim deportirano, uz jednogodi\u0161nju zabranu povratka.<\/h3><p>\u201cDok je situacija u susjednoj zemlji i dalje napeta \u2013 ne\u0161to \u0161to se ne mo\u017ee pore\u0107i gledaju\u0107i videozapise i poruke s obje strane \u2013 mislim da moramo pa\u017eljivo razmotriti je li ovo pravo vrijeme za putovanje\u201c, rekao je ministar unutarnjih poslova.,&nbsp;<strong>Davor Bo\u017einovi\u0107<\/strong>.<\/p><p><strong>Gordan Grli\u0107 Radman<\/strong>, Hrvatski ministar vanjskih poslova izvijestio je da je Srbiji poslana prosvjedna nota u kojoj se tra\u017ei obja\u0161njenje i izra\u017eava o\u0161tar prosvjed zbog takvog pona\u0161anja prema hrvatskim gra\u0111anima.<\/p><p>hrvatski zastupnik u Europskom parlamentu&nbsp;<strong>Tonino Picula<\/strong>, koji je stalni izvjestitelj Europskog parlamenta za Srbiju, izjavio je da je Srbija, suo\u010dena s dobrom voljom Hrvatske u osiguravanju protoka nafte nakon sankcija protiv srbijanske tvrtke NIS, odgovorila progonom hrvatskih gra\u0111ana.<\/p><p><\/p>","protected":false},"excerpt":{"rendered":"<p>El Ministerio de Relaciones Exteriores recomend\u00f3 postergar los viajes a Serbia, debido a tratos inapropiados e infundados hacia los ciudadanos croatas, luego de que cinco ciudadanas croatas, representantes de organizaciones no gubernamentales, quienes participaron en talleres organizados por la Fundaci\u00f3n Erste, en Belgrado, hubieran sido detenidas en Serbia, luego deportadas, con prohibici\u00f3n de retorno en [&hellip;]<\/p>\n","protected":false},"author":1,"featured_media":4360,"comment_status":"closed","ping_status":"open","sticky":false,"template":"","format":"standard","meta":{"footnotes":""},"categories":[78,80],"tags":[92,98,107,106],"class_list":["post-4359","post","type-post","status-publish","format-standard","has-post-thumbnail","hentry","category-politica-y-diplomacia","category-turismo","tag-croacia","tag-politica","tag-relaciones-exteriores","tag-serbia"],"_links":{"self":[{"href":"https:\/\/crolatam.com\/hrv\/wp-json\/wp\/v2\/posts\/4359","targetHints":{"allow":["GET"]}}],"collection":[{"href":"https:\/\/crolatam.com\/hrv\/wp-json\/wp\/v2\/posts"}],"about":[{"href":"https:\/\/crolatam.com\/hrv\/wp-json\/wp\/v2\/types\/post"}],"author":[{"embeddable":true,"href":"https:\/\/crolatam.com\/hrv\/wp-json\/wp\/v2\/users\/1"}],"replies":[{"embeddable":true,"href":"https:\/\/crolatam.com\/hrv\/wp-json\/wp\/v2\/comments?post=4359"}],"version-history":[{"count":1,"href":"https:\/\/crolatam.com\/hrv\/wp-json\/wp\/v2\/posts\/4359\/revisions"}],"predecessor-version":[{"id":4361,"href":"https:\/\/crolatam.com\/hrv\/wp-json\/wp\/v2\/posts\/4359\/revisions\/4361"}],"wp:featuredmedia":[{"embeddable":true,"href":"https:\/\/crolatam.com\/hrv\/wp-json\/wp\/v2\/media\/4360"}],"wp:attachment":[{"href":"https:\/\/crolatam.com\/hrv\/wp-json\/wp\/v2\/media?parent=4359"}],"wp:term":[{"taxonomy":"category","embeddable":true,"href":"https:\/\/crolatam.com\/hrv\/wp-json\/wp\/v2\/categories?post=4359"},{"taxonomy":"post_tag","embeddable":true,"href":"https:\/\/crolatam.com\/hrv\/wp-json\/wp\/v2\/tags?post=4359"}],"curies":[{"name":"wp","href":"https:\/\/api.w.org\/{rel}","templated":true}]}}