{"id":4376,"date":"2025-01-22T07:06:00","date_gmt":"2025-01-22T07:06:00","guid":{"rendered":"https:\/\/crolatam.com\/?p=4376"},"modified":"2025-04-28T14:31:23","modified_gmt":"2025-04-28T14:31:23","slug":"milanovic-sobre-los-embajadores-precaucion-con-las-listas","status":"publish","type":"post","link":"https:\/\/crolatam.com\/hrv\/milanovic-sobre-los-embajadores-precaucion-con-las-listas\/","title":{"rendered":"Milanovi\u0107 o veleposlanicima: Oprez s popisima"},"content":{"rendered":"<h3 class=\"wp-block-heading\">Predsjednik Zoran Milanovi\u0107 rekao je da dogovor o veleposlanicima, koji Pantov\u010dak i Vladine pala\u010de godinama ne uspijevaju posti\u0107i, moraju posti\u0107i predsjednik i vlada te je zamolio premijera Andreja Plenkovi\u0107a da bude oprezan s popisima.<br><\/h3><p>\u201cTo je potpuni zastoj u procesu. Ili ljudi ostaju na neodre\u0111eno vrijeme, ili na\u017ealost umiru ili odlaze iz osobnih razloga, a onda se na njihova mjesta, koja bi trebali popuniti veleposlanici, imenuju du\u017enosnici po hiru onih na vlasti\u201d, rekao je Milanovi\u0107 novinarima.<\/p><p>\u201cDobro je da postoji \u017eelja za postizanjem dogovora.\u201d Pro\u0161li tjedan premijer Plenkovi\u0107 u Berlinu je izjavio da \u0107e vlada poslati pismo Pantov\u010daku s jasno definiranim planom za otvaranje novih veleposlanstava i generalnih konzulata, \u201cjer je to pitanje na \u010dekanju, blokirano je.\u201d.<\/p><p>\u201cPopis veleposlanika \u010deka se od rujna 2020. Ministarstvo vanjskih poslova spremno je a\u017eurirati novi popis prijedloga, kompetentnih ljudi, kako bi se taj proces mogao pokrenuti\u201d, rekao je Plenkovi\u0107.<\/p><p>Milanovi\u0107 je danas rekao da je \u201clijepo \u0161to postoji \u017eelja\u201d za postizanjem dogovora, ali je naglasio: \u201cOprez s listama.\u201d.<\/p><p>Smatra da bi trebali sjesti i dogovoriti se \u0161to u\u010diniti s glavnim centrima diplomatskih predstavni\u0161tava te je naglasio da su i predsjednik i vlada sukreatori vanjske politike, kako u njezinom oblikovanju tako i u njezinoj provedbi.<\/p><p>\u201cNemam strana\u010dke kandidate.\u201d \u201cTo zna\u010di da u svakom centru ne mogu biti dva veleposlanika, samo jedan. I to se ne bira lutrijom, niti postoji natjecanje za to... Ovo je sporazum izme\u0111u dva demokratski izabrana centra mo\u0107i. Nemam strana\u010dke kandidate\u201d, rekao je predsjednik.<\/p><p>Dogovor izme\u0111u Pantov\u010daka i Vladinih pala\u010da o upra\u017enjenim veleposlani\u010dkim mjestima izostaje ve\u0107 godinama.<\/p><p>Od po\u010detka 2020. do danas, predsjednica je donijela samo odluku o imenovanju Hidajeta Bi\u0161\u010devi\u0107a za veleposlanika Hrvatske u Beogradu, i to na Plenkovi\u0107ev prijedlog.<\/p><p><\/p>","protected":false},"excerpt":{"rendered":"<p>El PRESIDENTE Zoran Milanovi\u0107 dijo que el acuerdo sobre los embajadores, que Pantov\u010dak y los Palacios de Gobierno no han logrado alcanzar durante a\u00f1os, debe ser logrado por el presidente y el gobierno, y le pidi\u00f3 al primer ministro Andrej Plenkovi\u0107 que tenga cuidado con las listas. &#8220;Es una total inmovilidad del proceso. O las [&hellip;]<\/p>\n","protected":false},"author":1,"featured_media":4377,"comment_status":"closed","ping_status":"open","sticky":false,"template":"","format":"standard","meta":{"footnotes":""},"categories":[78],"tags":[92,113,98,112],"class_list":["post-4376","post","type-post","status-publish","format-standard","has-post-thumbnail","hentry","category-politica-y-diplomacia","tag-croacia","tag-milanovic","tag-politica","tag-presidente"],"_links":{"self":[{"href":"https:\/\/crolatam.com\/hrv\/wp-json\/wp\/v2\/posts\/4376","targetHints":{"allow":["GET"]}}],"collection":[{"href":"https:\/\/crolatam.com\/hrv\/wp-json\/wp\/v2\/posts"}],"about":[{"href":"https:\/\/crolatam.com\/hrv\/wp-json\/wp\/v2\/types\/post"}],"author":[{"embeddable":true,"href":"https:\/\/crolatam.com\/hrv\/wp-json\/wp\/v2\/users\/1"}],"replies":[{"embeddable":true,"href":"https:\/\/crolatam.com\/hrv\/wp-json\/wp\/v2\/comments?post=4376"}],"version-history":[{"count":1,"href":"https:\/\/crolatam.com\/hrv\/wp-json\/wp\/v2\/posts\/4376\/revisions"}],"predecessor-version":[{"id":4378,"href":"https:\/\/crolatam.com\/hrv\/wp-json\/wp\/v2\/posts\/4376\/revisions\/4378"}],"wp:featuredmedia":[{"embeddable":true,"href":"https:\/\/crolatam.com\/hrv\/wp-json\/wp\/v2\/media\/4377"}],"wp:attachment":[{"href":"https:\/\/crolatam.com\/hrv\/wp-json\/wp\/v2\/media?parent=4376"}],"wp:term":[{"taxonomy":"category","embeddable":true,"href":"https:\/\/crolatam.com\/hrv\/wp-json\/wp\/v2\/categories?post=4376"},{"taxonomy":"post_tag","embeddable":true,"href":"https:\/\/crolatam.com\/hrv\/wp-json\/wp\/v2\/tags?post=4376"}],"curies":[{"name":"wp","href":"https:\/\/api.w.org\/{rel}","templated":true}]}}