{"id":4414,"date":"2025-01-24T08:02:00","date_gmt":"2025-01-24T08:02:00","guid":{"rendered":"https:\/\/crolatam.com\/?p=4414"},"modified":"2025-04-28T14:31:23","modified_gmt":"2025-04-28T14:31:23","slug":"primorac-anuncio-un-nuevo-paquete-fiscal-fiscalizacion-2-0-como-una-guillotina-administrativa","status":"publish","type":"post","link":"https:\/\/crolatam.com\/hrv\/primorac-anuncio-un-nuevo-paquete-fiscal-fiscalizacion-2-0-como-una-guillotina-administrativa\/","title":{"rendered":"Primorac je najavio novi porezni paket, &#039;Oporezivanje 2.0&#039;, poput administrativne giljotine."},"content":{"rendered":"<h3 class=\"wp-block-heading\">Vlada \u0107e sljede\u0107e godine uvesti porezni paket &quot;Porezna revizija 2.0&quot;, koji uklju\u010duje implementaciju elektroni\u010dkog fakturiranja kao sustava izvje\u0161\u0107ivanja za PDV. Ovaj sustav \u0107e se koristiti za pra\u0107enje transakcija, uklju\u010duju\u0107i fakture izme\u0111u poduze\u0107a te izme\u0111u poduze\u0107a i dr\u017eave, kako je najavljeno u petak na konferenciji &quot;Porezi, dr\u017eavni poticaji i zelena tranzicija&quot;.<\/h3><p>Konferenciju su organizirali Deloitte Hrvatska i Ekonomski fakultet u Zagrebu, pod pokroviteljstvom Ministarstva financija.<\/p><p>Ministar financija Marko Primorac rekao je da se finalizira novi porezni paket pod nazivom &quot;Oporezivanje 2.0&quot;, u kojem \u0107e se izmijeniti nekoliko zakona i uskoro biti stavljeni na javnu raspravu. Najavio je da se provedba ovog modela o\u010dekuje sljede\u0107e godine.<\/p><p>\u201cOporezivanje 2.0 omogu\u0107it \u0107e digitalizaciju poreznog sustava op\u0107enito, naplatu poreza, zna\u010dajno administrativno rastere\u0107enje za porezne obveznike i, \u0161to je va\u017eno, za razliku od oporezivanja 1.0, gdje su se revidirali ra\u010duni izme\u0111u poduze\u0107a i krajnjih potro\u0161a\u010da, cilj i svrha oporezivanja 2.0 je i revizija transakcija, odnosno ra\u010duna izme\u0111u poduze\u0107a, kao i izme\u0111u poduze\u0107a i dr\u017eave\u201d, rekao je Primorac.<\/p><p>O\u010dekuju da \u0107e nova porezna revizija pobolj\u0161ati trenutnu implementacijom elektroni\u010dkog fakturiranja kao novog sustava izvje\u0161tavanja za PDV, za sve na\u010dine pla\u0107anja, uklju\u010duju\u0107i digitalne platforme. Vjeruju da \u0107e to donijeti zna\u010dajne u\u0161tede kroz smanjenje administrativnog optere\u0107enja za poduze\u0107a.<\/p><p>\u201cBit \u0107e to administrativna giljotina, ukidanje nekoliko poreznih obrazaca\u201d, najavio je ministar, dodaju\u0107i da \u0107e se razviti aplikacijski sustav pod nazivom \u201cFiskAplikacija\u201d koji \u0107e biti besplatno dostupan tvrtkama, obrtnicima i slobodnim profesijama, a koji \u0107e, izme\u0111u ostalog, omogu\u0107iti vizualizaciju revidiranih podataka.<\/p><p>Tako\u0111er je najavio redizajn Registra godi\u0161njih financijskih izvje\u0161\u0107a putem web aplikacije, kori\u0161tenjem bilo kojeg certifikata visoke razine, kao i prisutnost Ministarstva financija na dru\u0161tvenim mre\u017eama (od danas).<\/p><p>\u0160to se ti\u010de poreznih promjena koje su stupile na snagu prvog dana godine, posebno onih koje se odnose na porez na imovinu, Primorac je rekao da jedinice lokalne samouprave imaju rok do kraja velja\u010de da odlu\u010de ho\u0107e li pove\u0107ati porezne stope. Naglasio je da po\u010detne informacije upu\u0107uju na to da \u0107e porezno optere\u0107enje ostati nepromijenjeno.<\/p><p>\u201cPri naplati ovog poreza, jedinica lokalne samouprave je porezno tijelo i napla\u0107uje porez na imovinu, kao \u0161to je to bio slu\u010daj, primjerice, s ku\u0107ama za odmor. Me\u0111utim, ako jedinica lokalne samouprave \u017eeli prenijeti tu ovlast na poreznu upravu, mo\u017ee to u\u010diniti. Dakle, kod poreza na ku\u0107e za odmor otprilike polovica jedinica lokalne samouprave samostalno je naplatila ovaj porez, a druga polovica prenijela je tu ovlast na poreznu upravu\u201d, rekao je Primorac, dodaju\u0107i da se sada ve\u0107i udio jedinica lokalne samouprave odlu\u010duje prenijeti tu ovlast na poreznu upravu.<\/p><p>\u201cVjerujemo da je to dobro rje\u0161enje i potpuno smo spremni za njega\u201d, naglasio je ministar. Smatra da je ovaj porez transformacija prethodnog poreza na ku\u0107e za odmor i da ostaje va\u017ean izvor lokalnih prihoda.<\/p><p>Ponovio je da je, osim u\u010dinkovitosti, naglasak na osiguravanju pravednosti ovog poreza, pa se fiksna porezna stopa odre\u0111uje prema indeksu razvoja turizma podru\u010dja. Tako\u0111er je napomenuo da je vlada novim poreznim reformama pove\u0107ala osnovni osobni odbitak, podigla iznos odre\u0111enih neoporezivih dohotka te pove\u0107ala prag za ulazak u PDV razred.<\/p><p><\/p>","protected":false},"excerpt":{"rendered":"<p>El gobierno introducir\u00e1 el pr\u00f3ximo a\u00f1o el paquete fiscal &#8220;Fiscalizaci\u00f3n 2.0&#8221;, es decir, la implementaci\u00f3n de la factura electr\u00f3nica como sistema de informes en el \u00e1rea del IVA, mediante el cual se fiscalizar\u00e1n, entre otras cosas, las transacciones, es decir, las facturas entre empresarios, as\u00ed como entre empresarios y el estado, se dijo el viernes [&hellip;]<\/p>\n","protected":false},"author":1,"featured_media":4415,"comment_status":"closed","ping_status":"open","sticky":false,"template":"","format":"standard","meta":{"footnotes":""},"categories":[75,76,78],"tags":[92,86,122,98],"class_list":["post-4414","post","type-post","status-publish","format-standard","has-post-thumbnail","hentry","category-economia-y-finanzas","category-empresas-y-comercio-exterior","category-politica-y-diplomacia","tag-croacia","tag-economia","tag-empresas","tag-politica"],"_links":{"self":[{"href":"https:\/\/crolatam.com\/hrv\/wp-json\/wp\/v2\/posts\/4414","targetHints":{"allow":["GET"]}}],"collection":[{"href":"https:\/\/crolatam.com\/hrv\/wp-json\/wp\/v2\/posts"}],"about":[{"href":"https:\/\/crolatam.com\/hrv\/wp-json\/wp\/v2\/types\/post"}],"author":[{"embeddable":true,"href":"https:\/\/crolatam.com\/hrv\/wp-json\/wp\/v2\/users\/1"}],"replies":[{"embeddable":true,"href":"https:\/\/crolatam.com\/hrv\/wp-json\/wp\/v2\/comments?post=4414"}],"version-history":[{"count":1,"href":"https:\/\/crolatam.com\/hrv\/wp-json\/wp\/v2\/posts\/4414\/revisions"}],"predecessor-version":[{"id":4416,"href":"https:\/\/crolatam.com\/hrv\/wp-json\/wp\/v2\/posts\/4414\/revisions\/4416"}],"wp:featuredmedia":[{"embeddable":true,"href":"https:\/\/crolatam.com\/hrv\/wp-json\/wp\/v2\/media\/4415"}],"wp:attachment":[{"href":"https:\/\/crolatam.com\/hrv\/wp-json\/wp\/v2\/media?parent=4414"}],"wp:term":[{"taxonomy":"category","embeddable":true,"href":"https:\/\/crolatam.com\/hrv\/wp-json\/wp\/v2\/categories?post=4414"},{"taxonomy":"post_tag","embeddable":true,"href":"https:\/\/crolatam.com\/hrv\/wp-json\/wp\/v2\/tags?post=4414"}],"curies":[{"name":"wp","href":"https:\/\/api.w.org\/{rel}","templated":true}]}}