{"id":4551,"date":"2025-03-05T13:46:12","date_gmt":"2025-03-05T13:46:12","guid":{"rendered":"https:\/\/crolatam.com\/?p=4551"},"modified":"2025-04-28T14:31:02","modified_gmt":"2025-04-28T14:31:02","slug":"croacia-recibe-el-titulo-de-mejor-pais-europeo-para-visitar-en-2025","status":"publish","type":"post","link":"https:\/\/crolatam.com\/hrv\/croacia-recibe-el-titulo-de-mejor-pais-europeo-para-visitar-en-2025\/","title":{"rendered":"Hrvatska osvaja titulu najbolje europske zemlje za posjetiti u 2025. godini"},"content":{"rendered":"<p>The\u00a0<strong>Hrvatska turisti\u010dka zajednica<\/strong>\u00a0vra\u0107a se na vode\u0107i svjetski turisti\u010dki sajam\u00a0<strong>ITB Berlin<\/strong>\u00a0, koji \u0107e se odr\u017eati od 4. do 6. o\u017eujka, s ciljem sudjelovanja i predstavljanja cjelokupne ponude hrvatske turisti\u010dke ponude. Hrvatsku turisti\u010dku delegaciju predvodi\u00a0<strong>Ton\u010di Glavina<\/strong>\u00a0, Ministar turizma i sporta,\u00a0<br><strong>Kristjan Stani\u010di\u0107<\/strong>\u00a0, direktorica Hrvatske turisti\u010dke zajednice i\u00a0<strong>Romeo Draghicchio<\/strong>\u00a0, direktor Predstavni\u0161tva CNTB-a u Frankfurtu i\u00a0<strong>Nera Mili\u010di\u0107<\/strong>\u00a0, Direktor Predstavni\u0161tva HTZ-a u M\u00fcnchenu. Ovogodi\u0161nji nastup okrunjen je i presti\u017enom nagradom poznate web stranice European Best Destinations (EBD), koja je Hrvatsku proglasila najboljom europskom zemljom za posjetiti 2025. godine. Presti\u017enu nagradu uru\u010dio je predstavnik EBD-a.\u00a0<strong>Maximilien Lejeune<\/strong>\u00a0.<\/p><p><em>Njema\u010dka nam je najva\u017enije emitivno tr\u017ei\u0161te i zato na ovom turisti\u010dkom sajmu u Berlinu \u2013 jednom od najva\u017enijih na svijetu \u2013 prenosimo poruku da je Hrvatska destinacija koja Nijemcima nudi izvrstan omjer cijene i kvalitete, visoku kvalitetu i \u0161irok izbor aktivnosti 365 dana u godini. Prema ReiseAnalyseu, Nijemci \u0107e do 2024. godine putovati vi\u0161e nego prije pandemije, a postoji prostor za rast dolazaka i no\u0107enja, posebno tijekom predsezone i posezone. Tako\u0111er smo ponosni \u0161to je Hrvatska progla\u0161ena najboljom zemljom za posjetiti 2025. godine prema listi Najboljih europskih destinacija, na temelju glasova vi\u0161e od milijun putnika koji su odabrali najljep\u0161e europske destinacije, te da je Hrvatska zauzela prvo mjesto. To jo\u0161 jednom potvr\u0111uje kvalitetu na\u0161e turisti\u010dke ponude, kontinuirano pobolj\u0161anje na\u0161ih standarda i svjedo\u010di o visokim pohvalama koje dobivamo od svih na\u0161ih turisti\u010dkih djelatnika. \u00bbIskoristit \u0107emo sajam ITB Berlin kako bismo tu vrijednost predstavili na me\u0111unarodnoj razini, aktivnostima koje su nas \u010dvrsto pozicionirale kao lidere u razvoju odr\u017eivog turizma\u201c, izjavio je ministar.&nbsp;<strong>Ton\u010di Glavina<\/strong>&nbsp;.<\/em><\/p><p>Tijekom sajma, hrvatska delegacija sastala se s va\u017enim partnerima kao \u0161to su&nbsp;<strong>Njema\u010dko udru\u017eenje putni\u010dkih agencija (DRV), ADAC, Novasol, Eurowings, TUI, Ameropa, Alltours, Olimar<\/strong>&nbsp;y&nbsp;<strong>Jet2<\/strong>&nbsp;. Glavni program uklju\u010divao je teku\u0107u suradnju, poslovna o\u010dekivanja, trenutne rezervacije na njema\u010dkom tr\u017ei\u0161tu i prognoze za ovogodi\u0161nje turisti\u010dke rezultate. Hrvatski \u0161tand posjetio je i hrvatski veleposlanik u Saveznoj Republici Njema\u010dkoj, Njegova Ekselencija.&nbsp;<strong>Gordan Bakota<\/strong>&nbsp;.<\/p><p><em>Interes koji je na\u0161a zemlja izazvala na ITB-u, uz presti\u017enu nagradu koju je dobila od Hrvatske turisti\u010dke zajednice (EBD), pokazatelj je premium statusa Hrvatske kao globalno priznate, visokokvalitetne turisti\u010dke destinacije. To je za nas posebno va\u017eno s obzirom na to da se radi o nagradi temeljenoj na glasovima putnika diljem svijeta, uklju\u010duju\u0107i i one s medijski poznatih platformi poput Forbesa i Cond\u00e9 Nasta. Izbor EBD-a, koji se odra\u017eava u pretragama sadr\u017eaja i stranica posve\u0107enih Hrvatskoj, doprinosi ve\u0107oj promotivnoj vidljivosti me\u0111u publikom od 220 milijuna potencijalnih putnika. Nadalje, prema povratnim informacijama brojnih partnera, ove se godine o\u010dekuje stabilna potra\u017enja s njema\u010dkog tr\u017ei\u0161ta, uz pove\u0107an turisti\u010dki promet tijekom predsezone i posezone, ve\u0107i fokus na istra\u017eivanje na\u0161ih autenti\u010dnih kopnenih destinacija te, kako mnogi partneri posebno isti\u010du, razumne cijene i dobru vrijednost za novac, izjavio je.&nbsp;<strong>Kristjan Stani\u010di\u0107<\/strong>&nbsp;, direktorica Hrvatske turisti\u010dke zajednice.<\/em>&nbsp;&nbsp;<br><br>Hrvatska se na ITB-u promovira kao destinacija posve\u0107ena tranziciji prema odr\u017eivim turisti\u010dkim trendovima i kao zemlja koja nudi visokokvalitetne usluge. Ovogodi\u0161nji sajam odr\u017eava se u slo\u017eenoj ekonomskoj i politi\u010dkoj situaciji u Njema\u010dkoj. Me\u0111utim, to nije negativno utjecalo na turisti\u010dke trendove ili namjere Nijemaca za putovanja u inozemstvo. Iznimno mi je drago \u0161to je sudjelovanje Hrvatske turisti\u010dke zajednice na ovom va\u017enom turisti\u010dkom doga\u0111aju rezultiralo brojnim sastancima s na\u0161im partnerima, kao i s turisti\u010dkim organizacijama iz Njema\u010dke i drugih zemalja. ITB ostaje klju\u010dna prekretnica za napredak ove turisti\u010dke godine. Uvjeren sam da \u0107e ostati na pravom putu za sljede\u0107u sezonu, u kojoj se o\u010dekuje daljnji porast konkurentnosti Hrvatske na turisti\u010dkom tr\u017ei\u0161tu, kao jedne od klju\u010dnih destinacija za njema\u010dke putnike\u00bb, komentirao je.&nbsp;<strong>Romeo Draghicchio<\/strong>&nbsp;.<\/p><p>Vrijedi napomenuti da su Nijemci najva\u017eniji i najbrojniji posjetitelji, s vi\u0161e od 20% ukupnih turisti\u010dkih no\u0107enja u Hrvatskoj tijekom cijele godine. To je bio slu\u010daj i pro\u0161le godine, kada su Nijemci zabilje\u017eili vi\u0161e od 22 milijuna no\u0107enja u Hrvatskoj. Najve\u0107i broj no\u0107enja zabilje\u017een je u&nbsp;<strong>Istra<\/strong>&nbsp;(vi\u0161e od 10 milijuna), a zatim slijedi&nbsp;<strong>Kvarner<\/strong>&nbsp;(vi\u0161e od 4,5 milijuna). Sa svoje strane, \u017eupanije&nbsp;<strong>Splitsko-dalmatinska \u017eupanija<\/strong>&nbsp;y&nbsp;<strong>Zadar<\/strong>&nbsp;Ostvarili su vi\u0161e od 2,4 milijuna no\u0107enja, a tome su doprinijele i najposje\u0107enije destinacije: Rovinj, Pore\u010d i Medulin.<\/p><p>Uz Hrvatsku turisti\u010dku zajednicu, kao glavnog izlaga\u010da,&nbsp;<strong>25 suizlaga\u010da<\/strong>&nbsp;Tako\u0111er predstavljaju svoju ponudu na hrvatskom \u0161tandu na ITB-u, uklju\u010duju\u0107i turisti\u010dke urede grada Zagreba, Splitsko-dalmatinske \u017eupanije, grada Splita, Dubrova\u010dko-neretvanske \u017eupanije, grada Dubrovnika, \u0160ibensko-kninske \u017eupanije, Li\u010dko-senjske \u017eupanije i grada Rovinja. Nadalje, u suradnji s&nbsp;<strong>Hrvatska gospodarska komora<\/strong>&nbsp;, Na hrvatskom \u0161tandu odr\u017eane su prezentacije i degustacije visokokvalitetnih hrvatskih vina i sireva.<\/p><p><a href=\"https:\/\/www.htz.hr\/sites\/default\/files\/2025-03\/ITB_Kristjan%20Stani%C4%8Di%C4%87%2C%20Nera%20Mili%C4%8Di%C4%87%2C%20Ton%C4%8Di%20Glavina%2C%20Gordan%20Bakota%2C%20Romeo%20Draghicchio%2C%20Jasmin%20Baji%C4%87.jpg\"><\/a><\/p><figure class=\"wp-block-gallery has-nested-images columns-default is-cropped wp-block-gallery-1 is-layout-flex wp-block-gallery-is-layout-flex\"><figure class=\"wp-block-image size-large\"><img fetchpriority=\"high\" decoding=\"async\" width=\"1024\" height=\"677\" data-id=\"4555\" src=\"https:\/\/crolatam.com\/wp-content\/uploads\/2025\/03\/ITB-1024x677.jpg\" alt=\"\" class=\"wp-image-4555\" srcset=\"https:\/\/crolatam.com\/wp-content\/uploads\/2025\/03\/ITB-1024x677.jpg 1024w, https:\/\/crolatam.com\/wp-content\/uploads\/2025\/03\/ITB-300x198.jpg 300w, https:\/\/crolatam.com\/wp-content\/uploads\/2025\/03\/ITB-768x508.jpg 768w, https:\/\/crolatam.com\/wp-content\/uploads\/2025\/03\/ITB-1536x1016.jpg 1536w, https:\/\/crolatam.com\/wp-content\/uploads\/2025\/03\/ITB-600x397.jpg 600w, https:\/\/crolatam.com\/wp-content\/uploads\/2025\/03\/ITB.jpg 1600w\" sizes=\"(max-width: 1024px) 100vw, 1024px\" \/><\/figure>\n\n<figure class=\"wp-block-image size-large\"><img decoding=\"async\" width=\"1024\" height=\"826\" data-id=\"4554\" src=\"https:\/\/crolatam.com\/wp-content\/uploads\/2025\/03\/ITB_urucenje-priznanja-EBD_2-1-1024x826.jpg\" alt=\"\" class=\"wp-image-4554\" srcset=\"https:\/\/crolatam.com\/wp-content\/uploads\/2025\/03\/ITB_urucenje-priznanja-EBD_2-1-1024x826.jpg 1024w, https:\/\/crolatam.com\/wp-content\/uploads\/2025\/03\/ITB_urucenje-priznanja-EBD_2-1-300x242.jpg 300w, https:\/\/crolatam.com\/wp-content\/uploads\/2025\/03\/ITB_urucenje-priznanja-EBD_2-1-768x619.jpg 768w, https:\/\/crolatam.com\/wp-content\/uploads\/2025\/03\/ITB_urucenje-priznanja-EBD_2-1-600x484.jpg 600w, https:\/\/crolatam.com\/wp-content\/uploads\/2025\/03\/ITB_urucenje-priznanja-EBD_2-1.jpg 1298w\" sizes=\"(max-width: 1024px) 100vw, 1024px\" \/><\/figure>\n\n<figure class=\"wp-block-image size-large\"><img decoding=\"async\" width=\"414\" height=\"311\" data-id=\"4553\" src=\"https:\/\/crolatam.com\/wp-content\/uploads\/2025\/03\/ITB_urucenje-priznanja-EBD_1_0.jpeg\" alt=\"\" class=\"wp-image-4553\" srcset=\"https:\/\/crolatam.com\/wp-content\/uploads\/2025\/03\/ITB_urucenje-priznanja-EBD_1_0.jpeg 414w, https:\/\/crolatam.com\/wp-content\/uploads\/2025\/03\/ITB_urucenje-priznanja-EBD_1_0-300x225.jpeg 300w\" sizes=\"(max-width: 414px) 100vw, 414px\" \/><\/figure>\n\n<figure class=\"wp-block-image size-large\"><img loading=\"lazy\" decoding=\"async\" width=\"1024\" height=\"793\" data-id=\"4556\" src=\"https:\/\/crolatam.com\/wp-content\/uploads\/2025\/03\/ITB_sastanak-1024x793.jpg\" alt=\"\" class=\"wp-image-4556\" srcset=\"https:\/\/crolatam.com\/wp-content\/uploads\/2025\/03\/ITB_sastanak-1024x793.jpg 1024w, https:\/\/crolatam.com\/wp-content\/uploads\/2025\/03\/ITB_sastanak-300x232.jpg 300w, https:\/\/crolatam.com\/wp-content\/uploads\/2025\/03\/ITB_sastanak-768x595.jpg 768w, https:\/\/crolatam.com\/wp-content\/uploads\/2025\/03\/ITB_sastanak-1536x1190.jpg 1536w, https:\/\/crolatam.com\/wp-content\/uploads\/2025\/03\/ITB_sastanak-600x465.jpg 600w, https:\/\/crolatam.com\/wp-content\/uploads\/2025\/03\/ITB_sastanak.jpg 1549w\" sizes=\"(max-width: 1024px) 100vw, 1024px\" \/><\/figure>\n\n<figure class=\"wp-block-image size-large\"><img loading=\"lazy\" decoding=\"async\" width=\"1024\" height=\"783\" data-id=\"4557\" src=\"https:\/\/crolatam.com\/wp-content\/uploads\/2025\/03\/ITB_Kristjan-Stanicic-Nera-Milicic-Tonci-Glavina-Gordan-Bakota-Romeo-Draghicchio-Jasmin-Bajic-1024x783.jpg\" alt=\"\" class=\"wp-image-4557\" srcset=\"https:\/\/crolatam.com\/wp-content\/uploads\/2025\/03\/ITB_Kristjan-Stanicic-Nera-Milicic-Tonci-Glavina-Gordan-Bakota-Romeo-Draghicchio-Jasmin-Bajic-1024x783.jpg 1024w, https:\/\/crolatam.com\/wp-content\/uploads\/2025\/03\/ITB_Kristjan-Stanicic-Nera-Milicic-Tonci-Glavina-Gordan-Bakota-Romeo-Draghicchio-Jasmin-Bajic-300x229.jpg 300w, https:\/\/crolatam.com\/wp-content\/uploads\/2025\/03\/ITB_Kristjan-Stanicic-Nera-Milicic-Tonci-Glavina-Gordan-Bakota-Romeo-Draghicchio-Jasmin-Bajic-768x587.jpg 768w, https:\/\/crolatam.com\/wp-content\/uploads\/2025\/03\/ITB_Kristjan-Stanicic-Nera-Milicic-Tonci-Glavina-Gordan-Bakota-Romeo-Draghicchio-Jasmin-Bajic-600x459.jpg 600w, https:\/\/crolatam.com\/wp-content\/uploads\/2025\/03\/ITB_Kristjan-Stanicic-Nera-Milicic-Tonci-Glavina-Gordan-Bakota-Romeo-Draghicchio-Jasmin-Bajic.jpg 1412w\" sizes=\"(max-width: 1024px) 100vw, 1024px\" \/><\/figure><\/figure>","protected":false},"excerpt":{"rendered":"<p>La\u00a0Oficina Nacional de Turismo de Croacia\u00a0regresa a la feria de turismo l\u00edder mundial\u00a0ITB Berl\u00edn\u00a0, que se celebrar\u00e1 del 4 al 6 de marzo, con el objetivo de participar y presentar toda la oferta tur\u00edstica croata. La delegaci\u00f3n tur\u00edstica croata est\u00e1 encabezada por\u00a0Ton\u010di Glavina\u00a0, Ministro de Turismo y Deportes,\u00a0Kristjan Stani\u010di\u0107\u00a0, Director de la Oficina Nacional de [&hellip;]<\/p>\n","protected":false},"author":1,"featured_media":4552,"comment_status":"closed","ping_status":"open","sticky":false,"template":"","format":"standard","meta":{"footnotes":""},"categories":[80],"tags":[92,86,105],"class_list":["post-4551","post","type-post","status-publish","format-standard","has-post-thumbnail","hentry","category-turismo","tag-croacia","tag-economia","tag-turismo"],"_links":{"self":[{"href":"https:\/\/crolatam.com\/hrv\/wp-json\/wp\/v2\/posts\/4551","targetHints":{"allow":["GET"]}}],"collection":[{"href":"https:\/\/crolatam.com\/hrv\/wp-json\/wp\/v2\/posts"}],"about":[{"href":"https:\/\/crolatam.com\/hrv\/wp-json\/wp\/v2\/types\/post"}],"author":[{"embeddable":true,"href":"https:\/\/crolatam.com\/hrv\/wp-json\/wp\/v2\/users\/1"}],"replies":[{"embeddable":true,"href":"https:\/\/crolatam.com\/hrv\/wp-json\/wp\/v2\/comments?post=4551"}],"version-history":[{"count":1,"href":"https:\/\/crolatam.com\/hrv\/wp-json\/wp\/v2\/posts\/4551\/revisions"}],"predecessor-version":[{"id":4558,"href":"https:\/\/crolatam.com\/hrv\/wp-json\/wp\/v2\/posts\/4551\/revisions\/4558"}],"wp:featuredmedia":[{"embeddable":true,"href":"https:\/\/crolatam.com\/hrv\/wp-json\/wp\/v2\/media\/4552"}],"wp:attachment":[{"href":"https:\/\/crolatam.com\/hrv\/wp-json\/wp\/v2\/media?parent=4551"}],"wp:term":[{"taxonomy":"category","embeddable":true,"href":"https:\/\/crolatam.com\/hrv\/wp-json\/wp\/v2\/categories?post=4551"},{"taxonomy":"post_tag","embeddable":true,"href":"https:\/\/crolatam.com\/hrv\/wp-json\/wp\/v2\/tags?post=4551"}],"curies":[{"name":"wp","href":"https:\/\/api.w.org\/{rel}","templated":true}]}}