{"id":4585,"date":"2025-03-03T12:34:38","date_gmt":"2025-03-03T12:34:38","guid":{"rendered":"https:\/\/crolatam.com\/?p=4585"},"modified":"2026-02-13T15:56:02","modified_gmt":"2026-02-13T15:56:02","slug":"la-entrada-de-croacia-en-la-ocde-se-detiene-temporalmente","status":"publish","type":"post","link":"https:\/\/crolatam.com\/hrv\/la-entrada-de-croacia-en-la-ocde-se-detiene-temporalmente\/","title":{"rendered":"Ulazak Hrvatske u OECD privremeno je zaustavljen"},"content":{"rendered":"<h3 class=\"wp-block-heading\">Put Hrvatske prema \u010dlanstvu u OECD-u privremeno je zaustavljen. Glasovanje o \u010dlanstvu u Odboru za trgovinu ameri\u010dka je administracija odgodila do daljnjega zbog trgovinskog spora izme\u0111u Sjedinjenih Dr\u017eava i Europske unije.<\/h3><p>Hrvatska je zavr\u0161ila pristupne pregovore u 19 od 25 odbora OECD-a i planira ih sve zavr\u0161iti prije kraja godine.<\/p><p>Sedamnaest odbora ve\u0107 je izdalo slu\u017ebena mi\u0161ljenja. Odbor za trgovinu i Odbor za okoli\u0161 jo\u0161 uvijek \u010dekaju.<\/p><p>Hrvatska vlada nagla\u0161ava da ovo ne predstavlja blokadu procesa pristupanja te da \u0107e glasovanje u Odboru za trgovinu biti dovr\u0161eno kada se ispune uvjeti.<\/p><h2 class=\"wp-block-heading\">Luci\u0107: Nije istina da SAD blokira ulazak Hrvatske u OECD<\/h2><p>Dr\u017eavni tajnik&nbsp;<strong>Zdenko Luci\u0107<\/strong>&nbsp;Zanijekao je da Sjedinjene Dr\u017eave blokiraju ulazak Hrvatske u Organizaciju za ekonomsku suradnju i razvoj (OECD) nakon \u0161to je odgo\u0111eno glasovanje Hrvatske u trgovinskom odboru, rekav\u0161i da smo uskla\u0111eni s trgovinskom politikom OECD-a i samo \u010dekamo formalno glasovanje o zavr\u0161etku rada pred navedenim odborom.<\/p><p>\u201cNije istina da Sjedinjene Dr\u017eave blokiraju ulazak Hrvatske u OECD, niti su ga blokirale u trgovinskom odboru\u201d, rekao je za Hinu Zdenko Luci\u0107, dr\u017eavni tajnik Ministarstva vanjskih i europskih poslova nakon \u0161to su se u hrvatskim medijima pojavila izvje\u0161\u0107a o \u201ediplomatskom udaru Washingtona\u201c.<\/p><p>\u2013 Hrvatska je ispunila sve zahtjeve OECD-a, \u0161to zna\u010di da je uskla\u0111ena s OECD-om po pitanju trgovine. Ameri\u010dki partneri zatra\u017eili su da se glasovanje odr\u017ei kasnije, rekao je Luci\u0107.<\/p><p>Dr\u017eavni tajnik obja\u0161njava da se 38 dr\u017eava \u010dlanica mora dogovoriti o jednoglasnom stavu, a zatim Hrvatska zavr\u0161ava svoj rad pred tim odborom, dodaju\u0107i da usugla\u0161avanje stavova mo\u017ee trajati i do 10 mjeseci.<\/p><p>Dr\u017eavni tajnik objasnio je da se i prije doga\u0111alo da su glasovanja u nekim odborima odgo\u0111ena.<\/p><p>\u201cAli to je rije\u0161eno u suradnji s OECD-om i dr\u017eavama \u010dlanicama koje su imale neka pitanja, tako da to nije ni\u0161ta novo, to je neka vrsta standardnog postupka i ne vidimo ovdje nikakav poseban problem\u201d, rekao je dr\u017eavni tajnik.<\/p><p>Luci\u0107 je dodao da je rasprava u trgovinskom odboru, odr\u017eana 15. listopada pro\u0161le godine, \u201czavr\u0161ila pozitivno\u201d.<\/p><p>\u2013 Prema procjenama OECD-a, Hrvatska je u visokoj mjeri uskla\u0111ena s trgovinskim politikama OECD-a i o\u010dekuje se formalno glasovanje o zavr\u0161etku rada pred tim odborom, rekao je Luci\u0107.<\/p><p>Uz Hrvatsku, jo\u0161 dvije \u010dlanice EU, Bugarska i Rumunjska, te ju\u017enoameri\u010dke zemlje Brazil, Argentina i Peru trenutno pregovaraju o pristupanju OECD-u.<\/p><p>Odgoda glasanja dolazi u vrijeme trgovinskog sukoba izme\u0111u Sjedinjenih Dr\u017eava i EU nakon \u0161to je ameri\u010dki predsjednik,&nbsp;<strong>Donald Trump,<\/strong>&nbsp;rekla je da \u0107e uvesti carine od 25 posto na uvoz iz EU.&nbsp;<\/p><p><\/p>","protected":false},"excerpt":{"rendered":"<p>El camino de Croacia hacia la adhesi\u00f3n a la OCDE se ha detenido temporalmente. La votaci\u00f3n sobre la membres\u00eda en el Comit\u00e9 de Comercio ha sido pospuesta hasta nuevo aviso, por decisi\u00f3n de la administraci\u00f3n estadounidense debido al conflicto arancelario entre Estados Unidos y la Uni\u00f3n Europea. Croacia ha completado las conversaciones de adhesi\u00f3n en [&hellip;]<\/p>\n","protected":false},"author":1,"featured_media":4586,"comment_status":"closed","ping_status":"open","sticky":false,"template":"","format":"standard","meta":{"footnotes":""},"categories":[75,78],"tags":[92,158,160,159],"class_list":["post-4585","post","type-post","status-publish","format-standard","has-post-thumbnail","hentry","category-economia-y-finanzas","category-politica-y-diplomacia","tag-croacia","tag-donald-trump","tag-estados-unidos","tag-ocde"],"_links":{"self":[{"href":"https:\/\/crolatam.com\/hrv\/wp-json\/wp\/v2\/posts\/4585","targetHints":{"allow":["GET"]}}],"collection":[{"href":"https:\/\/crolatam.com\/hrv\/wp-json\/wp\/v2\/posts"}],"about":[{"href":"https:\/\/crolatam.com\/hrv\/wp-json\/wp\/v2\/types\/post"}],"author":[{"embeddable":true,"href":"https:\/\/crolatam.com\/hrv\/wp-json\/wp\/v2\/users\/1"}],"replies":[{"embeddable":true,"href":"https:\/\/crolatam.com\/hrv\/wp-json\/wp\/v2\/comments?post=4585"}],"version-history":[{"count":1,"href":"https:\/\/crolatam.com\/hrv\/wp-json\/wp\/v2\/posts\/4585\/revisions"}],"predecessor-version":[{"id":4587,"href":"https:\/\/crolatam.com\/hrv\/wp-json\/wp\/v2\/posts\/4585\/revisions\/4587"}],"wp:featuredmedia":[{"embeddable":true,"href":"https:\/\/crolatam.com\/hrv\/wp-json\/wp\/v2\/media\/4586"}],"wp:attachment":[{"href":"https:\/\/crolatam.com\/hrv\/wp-json\/wp\/v2\/media?parent=4585"}],"wp:term":[{"taxonomy":"category","embeddable":true,"href":"https:\/\/crolatam.com\/hrv\/wp-json\/wp\/v2\/categories?post=4585"},{"taxonomy":"post_tag","embeddable":true,"href":"https:\/\/crolatam.com\/hrv\/wp-json\/wp\/v2\/tags?post=4585"}],"curies":[{"name":"wp","href":"https:\/\/api.w.org\/{rel}","templated":true}]}}