{"id":4679,"date":"2025-12-18T12:54:36","date_gmt":"2025-12-18T12:54:36","guid":{"rendered":"https:\/\/crolatam.com\/?p=4679"},"modified":"2026-03-09T14:12:01","modified_gmt":"2026-03-09T14:12:01","slug":"lanzan-en-peru-la-plataforma-digital-nasa-veza-para-preservar-la-historia-de-la-migracion-croata","status":"publish","type":"post","link":"https:\/\/crolatam.com\/hrv\/lanzan-en-peru-la-plataforma-digital-nasa-veza-para-preservar-la-historia-de-la-migracion-croata\/","title":{"rendered":"U Peruu je pokrenuta digitalna platforma \u201cNa\u0161a Veza\u201d za o\u010duvanje povijesti hrvatskih migracija."},"content":{"rendered":"<p><strong>Lima, Peru.<\/strong> U okviru obilje\u017eavanja <strong>Dan Hrvatskog sabora<\/strong>, Hrvatska udruga Dubrovnik iz Perua slu\u017ebeno je pokrenula digitalnu platformu <strong>\u201cNa\u0161a Veza\u2013Peru\u201d<\/strong>, projekt usmjeren na o\u010duvanje, organiziranje i \u0161irenje dokumentarne ba\u0161tine hrvatskih imigranata u zemlji.<\/p><p>Doga\u0111aj se odr\u017eao <strong>8. listopada<\/strong> u sjedi\u0161tu Hrvatske udruge Dubrovnik, smje\u0161tenom u \u010detvrti Jes\u00fas Mar\u00eda, i okupio <strong>Vi\u0161e od 250 potomaka Hrvata, prijatelja zajednice i predstavnika peruanskih institucija<\/strong>, u danu susreta, sje\u0107anja i ja\u010danja kulturnih veza.<\/p><p>Platforma <strong>Na\u0161a Veza\u2013Peru<\/strong> \u2014\u201cNa\u0161a veza\u201d\u2014 stvorena je od strane <strong>Ana Marija Kuljevan Peinovi\u0107<\/strong>, po\u010dasni konzul Hrvatske u Peruu, s ciljem <strong>pohraniti i u\u010diniti dostupnim dokumentarnu ba\u0161tinu hrvatskih iseljenika i institucija koje su osnovali u zemlji<\/strong>, \u010duvaju\u0107i ga za budu\u0107e generacije i ja\u010daju\u0107i vezu potomaka s njihovim podrijetlom.<\/p><p>Stranica nudi digitalni prostor kojem korisnici mogu pristupiti <strong>povijesni dokumenti, fotografije, imigracijski zapisi i drugi materijali<\/strong> koji omogu\u0107uju rekonstrukciju povijesti hrvatskih imigranata u Peru i olak\u0161avaju pretra\u017eivanje obiteljske povijesti.<\/p><figure class=\"wp-block-image size-large\"><img fetchpriority=\"high\" decoding=\"async\" width=\"2560\" height=\"1706\" src=\"https:\/\/crolatam.com\/wp-content\/uploads\/2025\/12\/Nasa-Veza-2-edited-scaled.jpg\" alt=\"\" class=\"wp-image-4683\" srcset=\"https:\/\/crolatam.com\/wp-content\/uploads\/2025\/12\/Nasa-Veza-2-edited-scaled.jpg 2560w, https:\/\/crolatam.com\/wp-content\/uploads\/2025\/12\/Nasa-Veza-2-edited-300x200.jpg 300w, https:\/\/crolatam.com\/wp-content\/uploads\/2025\/12\/Nasa-Veza-2-edited-1024x682.jpg 1024w, https:\/\/crolatam.com\/wp-content\/uploads\/2025\/12\/Nasa-Veza-2-edited-768x512.jpg 768w, https:\/\/crolatam.com\/wp-content\/uploads\/2025\/12\/Nasa-Veza-2-edited-1536x1024.jpg 1536w, https:\/\/crolatam.com\/wp-content\/uploads\/2025\/12\/Nasa-Veza-2-edited-2048x1365.jpg 2048w, https:\/\/crolatam.com\/wp-content\/uploads\/2025\/12\/Nasa-Veza-2-edited-600x400.jpg 600w\" sizes=\"(max-width: 2560px) 100vw, 2560px\" \/><\/figure><h3 class=\"wp-block-heading\">Institucionalna podr\u0161ka i suradnja s Nacionalnim op\u0107im arhivom<\/h3><p>Tijekom doga\u0111aja lansiranja, <strong>Voditelj Nacionalnog arhiva (AGN)<\/strong>, <strong>Graciela Rengifo Garc\u00eda<\/strong>, Istaknuo je va\u017enost projekta i izrazio zahvalnost za inicijativu koju promovira hrvatsko predstavni\u0161tvo u zemlji. U tom kontekstu sastao se s po\u010dasnom konzulicom Anom Mar\u00edom Kuljevan Peinovi\u0107, s kojom se slo\u017eio <strong>oja\u010dati me\u0111uinstitucijske veze suradnje<\/strong>.<\/p><p>Rengifo Garc\u00eda je naglasio da platforma koristi [sljede\u0107e] kao svoj primarni izvor <strong>migracijske arhive AGN-a<\/strong>, kao i dokumentaciju drugih institucija, \u0161to jam\u010di kori\u0161tenje <strong>autenti\u010dni i provjereni izvori<\/strong>. \u201cPozdravljam ovu inicijativu jer omogu\u0107uje hrvatskim potomcima da prona\u0111u dokumente svojih predaka i rekonstruiraju svoju obiteljsku povijest\u201d, rekao je.<\/p><p>Tako\u0111er je naglasio da <strong>Na\u0161a Veza\u2013Peru<\/strong> To predstavlja klju\u010dni prostor za rekonstrukciju povijesnog pam\u0107enja i razvoj <strong>obiteljska stabla<\/strong>, doprinose\u0107i razumijevanju doprinosa hrvatske zajednice razvoju Perua.<\/p><p>Tijekom doga\u0111aja, voditelj AGN-a tako\u0111er je odr\u017eao sastanak s <strong>biv\u0161i \u0161ef Glavnog arhiva nacije, Jorge Ortiz Sotelo<\/strong>, s kojim je razgovarao o pitanjima vezanim uz ja\u010danje institucija.<\/p><p>Platforma je sada dostupna javnosti i mo\u017ee se posjetiti na: <strong><a href=\"http:\/\/www.nasaveza-peru.com\">www.nasaveza-peru.com<\/a><\/strong><\/p><p><\/p><p><\/p>","protected":false},"excerpt":{"rendered":"<p>Lima, Per\u00fa. En el marco de la conmemoraci\u00f3n del D\u00eda del Parlamento Croata, la Asociaci\u00f3n Croata Dubrovnik del Per\u00fa present\u00f3 oficialmente la plataforma digital \u201cNa\u0161a Veza\u2013Per\u00fa\u201d, un proyecto destinado a preservar, organizar y difundir el patrimonio documental de la inmigraci\u00f3n croata en el pa\u00eds. El evento se realiz\u00f3 el 8 de octubre en la sede [&hellip;]<\/p>\n","protected":false},"author":3,"featured_media":4798,"comment_status":"closed","ping_status":"open","sticky":false,"template":"","format":"standard","meta":{"footnotes":""},"categories":[79,84],"tags":[88,169,168],"class_list":["post-4679","post","type-post","status-publish","format-standard","has-post-thumbnail","hentry","category-cultura-y-sociedad","category-migracion-y-diaspora","tag-diaspora","tag-documentos-historicos","tag-peru"],"_links":{"self":[{"href":"https:\/\/crolatam.com\/hrv\/wp-json\/wp\/v2\/posts\/4679","targetHints":{"allow":["GET"]}}],"collection":[{"href":"https:\/\/crolatam.com\/hrv\/wp-json\/wp\/v2\/posts"}],"about":[{"href":"https:\/\/crolatam.com\/hrv\/wp-json\/wp\/v2\/types\/post"}],"author":[{"embeddable":true,"href":"https:\/\/crolatam.com\/hrv\/wp-json\/wp\/v2\/users\/3"}],"replies":[{"embeddable":true,"href":"https:\/\/crolatam.com\/hrv\/wp-json\/wp\/v2\/comments?post=4679"}],"version-history":[{"count":2,"href":"https:\/\/crolatam.com\/hrv\/wp-json\/wp\/v2\/posts\/4679\/revisions"}],"predecessor-version":[{"id":4684,"href":"https:\/\/crolatam.com\/hrv\/wp-json\/wp\/v2\/posts\/4679\/revisions\/4684"}],"wp:featuredmedia":[{"embeddable":true,"href":"https:\/\/crolatam.com\/hrv\/wp-json\/wp\/v2\/media\/4798"}],"wp:attachment":[{"href":"https:\/\/crolatam.com\/hrv\/wp-json\/wp\/v2\/media?parent=4679"}],"wp:term":[{"taxonomy":"category","embeddable":true,"href":"https:\/\/crolatam.com\/hrv\/wp-json\/wp\/v2\/categories?post=4679"},{"taxonomy":"post_tag","embeddable":true,"href":"https:\/\/crolatam.com\/hrv\/wp-json\/wp\/v2\/tags?post=4679"}],"curies":[{"name":"wp","href":"https:\/\/api.w.org\/{rel}","templated":true}]}}