{"id":7390,"date":"2026-09-02T11:17:22","date_gmt":"2026-09-02T11:17:22","guid":{"rendered":"https:\/\/crolatam.com\/?p=7390"},"modified":"2026-09-02T11:25:57","modified_gmt":"2026-09-02T11:25:57","slug":"muere-ivan-gudelj-66-leyenda-del-hajduk-split-y-del-futbol-croata","status":"publish","type":"post","link":"https:\/\/crolatam.com\/hrv\/muere-ivan-gudelj-66-leyenda-del-hajduk-split-y-del-futbol-croata\/","title":{"rendered":"Muere Ivan Gudelj (66), leyenda del Hajduk Split y del f\u00fatbol croata"},"content":{"rendered":"<p class=\"wp-block-paragraph\">Ivan Gudelj, una de las grandes figuras del Hajduk Split y ex capit\u00e1n de la selecci\u00f3n de Yugoslavia, muri\u00f3 este mi\u00e9rcoles en Zagreb a los 66 a\u00f1os, despu\u00e9s de una grave enfermedad.<\/p><p class=\"wp-block-paragraph\">Gudelj se encontraba internado en el Hospital Cl\u00ednico Dubrava de Zagreb, donde hab\u00eda sido sometido a una operaci\u00f3n tras ser diagnosticado con una enfermedad maligna. Sin embargo, su estado de salud empeor\u00f3 y los m\u00e9dicos no pudieron salvarle la vida.<\/p><p class=\"wp-block-paragraph\">Nacido el 21 de abril de 1960 en Imotski, en la actual Croacia, y criado en la localidad de Zmijavci, Gudelj comenz\u00f3 a jugar al f\u00fatbol en el Mra\u010daj de Runovi\u0107i. En 1975 lleg\u00f3 a las categor\u00edas juveniles del Hajduk Split, por recomendaci\u00f3n de la leyenda del club Andrija Ankovi\u0107.<\/p><p class=\"wp-block-paragraph\">Toda su carrera profesional como futbolista transcurri\u00f3 en el Hajduk. Disput\u00f3 362 partidos y marc\u00f3 93 goles, una cifra notable para un jugador que actuaba principalmente en el mediocampo y tambi\u00e9n en defensa.<\/p><p class=\"wp-block-paragraph\">Con el equipo de Split gan\u00f3 el campeonato de Yugoslavia en 1979 y dos Copas de Yugoslavia. Fue adem\u00e1s uno de los principales referentes del Hajduk que protagoniz\u00f3 destacadas campa\u00f1as europeas a comienzos de la d\u00e9cada de 1980.<\/p><p class=\"wp-block-paragraph\">Uno de los momentos m\u00e1s recordados de su carrera lleg\u00f3 en la temporada 1983-84, cuando el Hajduk alcanz\u00f3 las semifinales de la Copa de la UEFA. En los cuartos de final, Gudelj marc\u00f3 uno de los goles en la victoria por 2-1 sobre el Tottenham Hotspur en Split. El conjunto ingl\u00e9s gan\u00f3 1-0 el partido de vuelta en Londres y avanz\u00f3 a semifinales gracias a la regla del gol de visitante, vigente en aquella \u00e9poca.<\/p><p class=\"wp-block-paragraph\">Gudelj tambi\u00e9n tuvo una destacada trayectoria internacional. En 1979 fue capit\u00e1n y elegido mejor jugador de la selecci\u00f3n juvenil de Yugoslavia que conquist\u00f3 el Campeonato de Europa de la categor\u00eda.<\/p><p class=\"wp-block-paragraph\">Con la selecci\u00f3n absoluta debut\u00f3 en 1980 y disput\u00f3 33 partidos, en los que marc\u00f3 tres goles. Particip\u00f3 en los Juegos Ol\u00edmpicos de Mosc\u00fa 1980, en el Mundial de Espa\u00f1a 1982 y en la Eurocopa de Francia 1984.<\/p><p class=\"wp-block-paragraph\">Su actuaci\u00f3n en el Mundial de 1982 fue especialmente destacada y el diario deportivo franc\u00e9s&nbsp;<em>L&#8217;\u00c9quipe<\/em>&nbsp;lo incluy\u00f3 en su equipo ideal del torneo. Ese mismo a\u00f1o se convirti\u00f3 en el capit\u00e1n m\u00e1s joven de la historia de la selecci\u00f3n absoluta de Yugoslavia.<\/p><p class=\"wp-block-paragraph\">En aquellos a\u00f1os Gudelj era considerado uno de los futbolistas m\u00e1s prometedores de Yugoslavia y despert\u00f3 el inter\u00e9s de varios de los grandes clubes europeos, entre ellos el Real Madrid. Sin embargo, las normas de la \u00e9poca imped\u00edan a los futbolistas de los clubes yugoslavos emigrar al extranjero antes de cumplir los 28 a\u00f1os.<\/p><p class=\"wp-block-paragraph\">Su carrera termin\u00f3 de manera abrupta en 1986.<\/p><p class=\"wp-block-paragraph\">El 13 de septiembre de ese a\u00f1o, durante un partido entre Hajduk y Estrella Roja de Belgrado en el estadio Poljud, Gudelj sufri\u00f3 un fuerte episodio de agotamiento y tuvo que abandonar el campo. Los ex\u00e1menes m\u00e9dicos posteriores revelaron que padec\u00eda hepatitis B.<\/p><p class=\"wp-block-paragraph\">Intent\u00f3 regresar a los entrenamientos en varias ocasiones, pero su estado de salud no se lo permiti\u00f3. Con apenas 26 a\u00f1os tuvo que poner fin a una carrera que se encontraba en su mejor momento.<\/p><p class=\"wp-block-paragraph\">La enfermedad tambi\u00e9n marc\u00f3 profundamente su vida posterior. Gudelj habl\u00f3 en numerosas ocasiones sobre el estigma y el desconocimiento que rodeaban a la hepatitis B. En 2023, los an\u00e1lisis realizados en el Hospital Cl\u00ednico de Split indicaron que ya no presentaba el virus detectable y que hab\u00eda superado la infecci\u00f3n.<\/p><p class=\"wp-block-paragraph\">Tras retirarse como jugador, Gudelj permaneci\u00f3 ligado al f\u00fatbol. Se gradu\u00f3 en la Facultad de Kinesiolog\u00eda de Zagreb y trabaj\u00f3 como entrenador e instructor. Dirigi\u00f3, entre otros equipos, al Primorac de Stobre\u010d, Zadar, Dubrovnik y al club austr\u00edaco Vorw\u00e4rts Steyr. En la temporada 2005-06 tambi\u00e9n estuvo brevemente al frente del primer equipo del Hajduk.<\/p><p class=\"wp-block-paragraph\">Gran parte de su carrera posterior estuvo dedicada al desarrollo de j\u00f3venes futbolistas. Trabaj\u00f3 durante a\u00f1os en la Federaci\u00f3n Croata de F\u00fatbol como instructor para la regi\u00f3n de Dalmacia y como entrenador de distintas selecciones juveniles.<\/p><p class=\"wp-block-paragraph\">Gudelj tambi\u00e9n particip\u00f3 activamente en campa\u00f1as de concientizaci\u00f3n sobre las hepatitis virales y fue nombrado embajador de la hepatitis por la asociaci\u00f3n croata Hepatos.<\/p><p class=\"wp-block-paragraph\">Su vida y su carrera fueron retratadas en el libro&nbsp;<em>Hajdu\u010dka pri\u010da<\/em>, del periodista Bla\u017e Duplan\u010di\u0107, y en el documental&nbsp;<em>Ivanova igra<\/em>, dirigido por Tomislav \u017daja.<\/p><p class=\"wp-block-paragraph\">Ivan Gudelj ser\u00e1 recordado como uno de los grandes futbolistas del Hajduk Split y como uno de los talentos m\u00e1s destacados del f\u00fatbol croata y yugoslavo. Su carrera termin\u00f3 demasiado pronto, cuando estaba considerado uno de los jugadores llamados a dar el salto a los grandes clubes de Europa.<\/p><figure class=\"wp-block-image size-large\"><img fetchpriority=\"high\" decoding=\"async\" width=\"1024\" height=\"683\" src=\"https:\/\/crolatam.com\/wp-content\/uploads\/2026\/09\/Hajduk-Gudelj-1024x683.jpg\" alt=\"\" class=\"wp-image-7392\" srcset=\"https:\/\/crolatam.com\/wp-content\/uploads\/2026\/09\/Hajduk-Gudelj-1024x683.jpg 1024w, https:\/\/crolatam.com\/wp-content\/uploads\/2026\/09\/Hajduk-Gudelj-300x200.jpg 300w, https:\/\/crolatam.com\/wp-content\/uploads\/2026\/09\/Hajduk-Gudelj-767x512.jpg 767w, https:\/\/crolatam.com\/wp-content\/uploads\/2026\/09\/Hajduk-Gudelj-1536x1025.jpg 1536w, https:\/\/crolatam.com\/wp-content\/uploads\/2026\/09\/Hajduk-Gudelj-18x12.jpg 18w, https:\/\/crolatam.com\/wp-content\/uploads\/2026\/09\/Hajduk-Gudelj-734x490.jpg 734w, https:\/\/crolatam.com\/wp-content\/uploads\/2026\/09\/Hajduk-Gudelj-600x400.jpg 600w, https:\/\/crolatam.com\/wp-content\/uploads\/2026\/09\/Hajduk-Gudelj.jpg 1920w\" sizes=\"(max-width: 1024px) 100vw, 1024px\" \/><\/figure><p class=\"wp-block-paragraph\"><strong>Ivan Gudelj en la inauguraci\u00f3n de su mural en Mertojak, un barrio de Split (2022)<\/strong><\/p><figure class=\"wp-block-image size-large\"><img decoding=\"async\" width=\"620\" height=\"1024\" src=\"https:\/\/crolatam.com\/wp-content\/uploads\/2026\/09\/Gudelj-joven-620x1024.jpg\" alt=\"\" class=\"wp-image-7393\" srcset=\"https:\/\/crolatam.com\/wp-content\/uploads\/2026\/09\/Gudelj-joven-620x1024.jpg 620w, https:\/\/crolatam.com\/wp-content\/uploads\/2026\/09\/Gudelj-joven-182x300.jpg 182w, https:\/\/crolatam.com\/wp-content\/uploads\/2026\/09\/Gudelj-joven-7x12.jpg 7w, https:\/\/crolatam.com\/wp-content\/uploads\/2026\/09\/Gudelj-joven-600x990.jpg 600w, https:\/\/crolatam.com\/wp-content\/uploads\/2026\/09\/Gudelj-joven.jpg 765w\" sizes=\"(max-width: 620px) 100vw, 620px\" \/><\/figure><p class=\"wp-block-paragraph\"><strong>Gudelj durante su etapa como jugador del Hajduk Split<\/strong><\/p><p class=\"wp-block-paragraph\"><strong>FOTOGRAFIJE:<\/strong> Cropix<\/p><p class=\"wp-block-paragraph\"><\/p><div id=\"banner-blog-mobile\" class=\"crola-after-content-2 crola-entity-placement\"><a href=\"https:\/\/wa.me\/5491169138790\" aria-label=\"PRAVOKUTNI TRANSPARENT 1\"><img src=\"https:\/\/crolatam.com\/wp-content\/uploads\/2026\/06\/BANNER-RECTANGULAR-1.jpeg\" alt=\"\"  srcset=\"https:\/\/crolatam.com\/wp-content\/uploads\/2026\/06\/BANNER-RECTANGULAR-1.jpeg 1280w, https:\/\/crolatam.com\/wp-content\/uploads\/2026\/06\/BANNER-RECTANGULAR-1-300x250.jpeg 300w, https:\/\/crolatam.com\/wp-content\/uploads\/2026\/06\/BANNER-RECTANGULAR-1-1024x854.jpeg 1024w, https:\/\/crolatam.com\/wp-content\/uploads\/2026\/06\/BANNER-RECTANGULAR-1-768x641.jpeg 768w, https:\/\/crolatam.com\/wp-content\/uploads\/2026\/06\/BANNER-RECTANGULAR-1-14x12.jpeg 14w, https:\/\/crolatam.com\/wp-content\/uploads\/2026\/06\/BANNER-RECTANGULAR-1-600x501.jpeg 600w\" sizes=\"(max-width: 1280px) 100vw, 1280px\" width=\"1280\" height=\"1068\"   \/><\/a><\/div><div id=\"banner-blog-desktop\" class=\"crola-after-content crola-entity-placement\"><a href=\"https:\/\/wa.me\/5491169138790\" aria-label=\"HORIZONTALNI TRANSPARENT 1 (1)\"><img src=\"https:\/\/crolatam.com\/wp-content\/uploads\/2026\/06\/BANNER-HORIZONTAL-1-1.jpeg\" alt=\"\"  srcset=\"https:\/\/crolatam.com\/wp-content\/uploads\/2026\/06\/BANNER-HORIZONTAL-1-1.jpeg 1280w, https:\/\/crolatam.com\/wp-content\/uploads\/2026\/06\/BANNER-HORIZONTAL-1-1-300x94.jpeg 300w, https:\/\/crolatam.com\/wp-content\/uploads\/2026\/06\/BANNER-HORIZONTAL-1-1-1024x320.jpeg 1024w, https:\/\/crolatam.com\/wp-content\/uploads\/2026\/06\/BANNER-HORIZONTAL-1-1-768x240.jpeg 768w, https:\/\/crolatam.com\/wp-content\/uploads\/2026\/06\/BANNER-HORIZONTAL-1-1-18x6.jpeg 18w, https:\/\/crolatam.com\/wp-content\/uploads\/2026\/06\/BANNER-HORIZONTAL-1-1-600x188.jpeg 600w\" sizes=\"(max-width: 1280px) 100vw, 1280px\" width=\"1280\" height=\"400\"   \/><\/a><\/div>","protected":false},"excerpt":{"rendered":"<p>El ex capit\u00e1n del Hajduk Split muri\u00f3 en Zagreb tras una larga lucha contra una grave enfermedad.<\/p>","protected":false},"author":4,"featured_media":7391,"comment_status":"closed","ping_status":"open","sticky":false,"template":"","format":"standard","meta":{"footnotes":""},"categories":[82,172],"tags":[92,307,923,676,924,749],"class_list":["post-7390","post","type-post","status-publish","format-standard","has-post-thumbnail","hentry","category-deporte","category-destacadas","tag-croacia","tag-futbol","tag-gudelj","tag-hajduk","tag-leyenda","tag-yugoslavia"],"_links":{"self":[{"href":"https:\/\/crolatam.com\/hrv\/wp-json\/wp\/v2\/posts\/7390","targetHints":{"allow":["GET"]}}],"collection":[{"href":"https:\/\/crolatam.com\/hrv\/wp-json\/wp\/v2\/posts"}],"about":[{"href":"https:\/\/crolatam.com\/hrv\/wp-json\/wp\/v2\/types\/post"}],"author":[{"embeddable":true,"href":"https:\/\/crolatam.com\/hrv\/wp-json\/wp\/v2\/users\/4"}],"replies":[{"embeddable":true,"href":"https:\/\/crolatam.com\/hrv\/wp-json\/wp\/v2\/comments?post=7390"}],"version-history":[{"count":1,"href":"https:\/\/crolatam.com\/hrv\/wp-json\/wp\/v2\/posts\/7390\/revisions"}],"predecessor-version":[{"id":7394,"href":"https:\/\/crolatam.com\/hrv\/wp-json\/wp\/v2\/posts\/7390\/revisions\/7394"}],"wp:featuredmedia":[{"embeddable":true,"href":"https:\/\/crolatam.com\/hrv\/wp-json\/wp\/v2\/media\/7391"}],"wp:attachment":[{"href":"https:\/\/crolatam.com\/hrv\/wp-json\/wp\/v2\/media?parent=7390"}],"wp:term":[{"taxonomy":"category","embeddable":true,"href":"https:\/\/crolatam.com\/hrv\/wp-json\/wp\/v2\/categories?post=7390"},{"taxonomy":"post_tag","embeddable":true,"href":"https:\/\/crolatam.com\/hrv\/wp-json\/wp\/v2\/tags?post=7390"}],"curies":[{"name":"radni list","href":"https:\/\/api.w.org\/{rel}","templated":true}]}}