{"id":7398,"date":"2026-09-02T23:05:10","date_gmt":"2026-09-02T23:05:10","guid":{"rendered":"https:\/\/crolatam.com\/?p=7398"},"modified":"2026-09-02T23:06:54","modified_gmt":"2026-09-02T23:06:54","slug":"modric-aun-no-decide-su-futuro-con-croacia","status":"publish","type":"post","link":"https:\/\/crolatam.com\/hrv\/modric-aun-no-decide-su-futuro-con-croacia\/","title":{"rendered":"Modri\u0107 a\u00fan no decide su futuro con Croacia"},"content":{"rendered":"<p class=\"wp-block-paragraph\">El capit\u00e1n de la selecci\u00f3n croata de f\u00fatbol, Luka Modri\u0107, a\u00fan no ha decidido si continuar\u00e1 jugando para su pa\u00eds y asegur\u00f3 que hablar\u00e1 con la Federaci\u00f3n Croata de F\u00fatbol y con el nuevo seleccionador, Slaven Bili\u0107, seg\u00fan revel\u00f3 en una entrevista con el diario espa\u00f1ol AS.<\/p><p class=\"wp-block-paragraph\">El mediocampista, que cumplir\u00e1 41 a\u00f1os dentro de seis d\u00edas, concedi\u00f3 la entrevista en el centro de entrenamiento del Milan, donde asegur\u00f3 que todav\u00eda no piensa en una fecha concreta para poner fin a su carrera.<\/p><p class=\"wp-block-paragraph\">Croacia enfrentar\u00e1 a Rep\u00fablica Checa el 26 de septiembre por la Liga de Naciones y tres d\u00edas despu\u00e9s visitar\u00e1 en Sevilla a Espa\u00f1a, vigente campeona del mundo. La gran pregunta es si Modri\u0107 estar\u00e1 all\u00ed.<\/p><p class=\"wp-block-paragraph\">&#8220;Primero tengo que decidir y hablar con la Federaci\u00f3n y con el nuevo seleccionador, que reci\u00e9n comenz\u00f3 a trabajar&#8221;, afirm\u00f3 Modri\u0107, quien suma 202 partidos con la selecci\u00f3n croata.<\/p><p class=\"wp-block-paragraph\">Despu\u00e9s de que Zlatko Kranj\u010dar lo convocara por primera vez a la selecci\u00f3n absoluta en 2006, Bili\u0107 asumi\u00f3 como entrenador de Croacia tras el Mundial de ese a\u00f1o y trabaj\u00f3 con Modri\u0107 durante seis a\u00f1os.<\/p><p class=\"wp-block-paragraph\">&#8220;Tenemos una relaci\u00f3n muy buena. Estuvimos juntos durante seis a\u00f1os e hicimos muchas cosas buenas. Su regreso, en mi opini\u00f3n, es una decisi\u00f3n muy acertada de la Federaci\u00f3n, la mejor opci\u00f3n&#8221;, se\u00f1al\u00f3 Modri\u0107.<\/p><p class=\"wp-block-paragraph\">Esta semana, el capit\u00e1n de la selecci\u00f3n argentina, Lionel Messi, de 39 a\u00f1os, anunci\u00f3 su despedida del combinado nacional.<\/p><p class=\"wp-block-paragraph\">&#8220;Como dije, primero tengo que hablar con el seleccionador y con la Federaci\u00f3n, informarles, y despu\u00e9s veremos si nos encontramos (en Sevilla)&#8221;, agreg\u00f3 Modri\u0107.<\/p><h2 class=\"wp-block-heading\">Sigue sin pensar en el retiro<\/h2><p class=\"wp-block-paragraph\">Despu\u00e9s de dejar el Real Madrid, Modri\u0107 continu\u00f3 su carrera en el Milan, con el que comenz\u00f3 su segunda temporada.<\/p><p class=\"wp-block-paragraph\">&#8220;Siempre quise continuar. Quer\u00eda ver c\u00f3mo me iba a sentir, si iba a seguir teniendo las mismas ganas, la misma pasi\u00f3n y la misma motivaci\u00f3n. Al final de la temporada y despu\u00e9s del Mundial, esas ganas segu\u00edan ah\u00ed&#8221;, explic\u00f3.<\/p><p class=\"wp-block-paragraph\">El croata agreg\u00f3 que el nuevo proyecto deportivo del Milan tambi\u00e9n influy\u00f3 en su decisi\u00f3n.<\/p><p class=\"wp-block-paragraph\">&#8220;Habl\u00e9 con el nuevo entrenador, con gente del club y con el propietario. Me presentaron el nuevo proyecto y me dijeron que yo era una parte importante de \u00e9l. Eso tambi\u00e9n fue importante&#8221;, se\u00f1al\u00f3 el mediocampista.<\/p><p class=\"wp-block-paragraph\">Modri\u0107 tampoco quiso confirmar que la actual temporada sea la \u00faltima de su carrera.<\/p><p class=\"wp-block-paragraph\">&#8220;No lo s\u00e9. Sinceramente, podr\u00eda serlo, pero ahora es septiembre y no quiero hablar de eso. Primero quiero ver c\u00f3mo transcurre la temporada y c\u00f3mo me siento. Escucho a mi cuerpo y vivo el d\u00eda a d\u00eda&#8221;, afirm\u00f3.<\/p><p class=\"wp-block-paragraph\">&#8220;S\u00e9 que el final se acerca cada vez m\u00e1s, pero no s\u00e9 si ser\u00e1 este a\u00f1o o el pr\u00f3ximo. Quiz\u00e1s uno m\u00e1s. Nunca se sabe.&#8221;<\/p><h2 class=\"wp-block-heading\">&#8220;El Milan era mi equipo cuando era ni\u00f1o&#8221;<\/h2><p class=\"wp-block-paragraph\">Modri\u0107 tambi\u00e9n habl\u00f3 sobre su vida en Mil\u00e1n, donde asegura estar muy feliz.<\/p><p class=\"wp-block-paragraph\">&#8220;Me siento muy bien. Desde el primer d\u00eda me recibieron muy bien en el club y los aficionados. La ciudad es bonita y estoy disfrutando mucho aqu\u00ed&#8221;, coment\u00f3.<\/p><p class=\"wp-block-paragraph\">El croata destac\u00f3 especialmente que el Milan fue el club que admiraba durante su infancia.<\/p><p class=\"wp-block-paragraph\">&#8220;Crec\u00ed viendo mucho f\u00fatbol italiano porque Italia est\u00e1 cerca de Croacia. En aquella \u00e9poca, la Serie A quiz\u00e1s era la liga m\u00e1s fuerte del mundo, y el Milan era mi equipo cuando era ni\u00f1o. Lo admiraba. Nunca pens\u00e9 que la vida terminar\u00eda llev\u00e1ndome aqu\u00ed&#8221;, afirm\u00f3.<\/p><p class=\"wp-block-paragraph\">El Milan, que lleva 19 a\u00f1os sin conquistar un t\u00edtulo europeo, no logr\u00f3 clasificarse esta temporada para la Liga de Campeones y disputar\u00e1 la Liga Europa. Para Modri\u0107, sin embargo, el club siempre debe aspirar a ganar t\u00edtulos.<\/p><p class=\"wp-block-paragraph\">&#8220;El Milan siempre tiene que pensar en ganar t\u00edtulos por su historia y por todo lo que ha conseguido. Pero tenemos que ir paso a paso. Tenemos un nuevo entrenador, hubo muchos cambios y la temporada es larga&#8221;, se\u00f1al\u00f3.<\/p><h2 class=\"wp-block-heading\">Elogios para el nuevo Real Madrid de Mourinho<\/h2><p class=\"wp-block-paragraph\">Modri\u0107 tambi\u00e9n habl\u00f3 de su antiguo club, el Real Madrid, que volvi\u00f3 a quedar bajo las \u00f3rdenes de Jos\u00e9 Mourinho.<\/p><p class=\"wp-block-paragraph\">&#8220;Ya se ve en los primeros partidos que es un Madrid diferente, un Madrid que da miedo. Me gusta&#8221;, afirm\u00f3.<\/p><p class=\"wp-block-paragraph\">El croata considera que el regreso de Mourinho a Madrid fue una excelente decisi\u00f3n.<\/p><p class=\"wp-block-paragraph\">&#8220;\u00c9l conoce el club, es un ganador y tiene una personalidad incre\u00edble. Le tengo un cari\u00f1o especial porque fue precisamente \u00e9l quien me llev\u00f3 al Real Madrid en 2012. Le dijo al club: &#8216;Quiero a este jugador o a nadie m\u00e1s'&#8221;, record\u00f3 Modri\u0107.<\/p><h2 class=\"wp-block-heading\">&#8220;Cristiano seguir\u00e1 marcando goles hasta los 50 si quiere&#8221;<\/h2><p class=\"wp-block-paragraph\">Modri\u0107 tambi\u00e9n se refiri\u00f3 a Cristiano Ronaldo, su excompa\u00f1ero en el Real Madrid, quien, al igual que \u00e9l, tiene 41 a\u00f1os.<\/p><p class=\"wp-block-paragraph\">Al portugu\u00e9s le faltan 22 goles para alcanzar los 1.000 tantos oficiales, y Modri\u0107 no tiene dudas de que alcanzar\u00e1 esa cifra.<\/p><p class=\"wp-block-paragraph\">&#8220;Cristiano es incre\u00edble, un fen\u00f3meno. No tengo ninguna duda de que llegar\u00e1 a ese n\u00famero. Todo lo que ha hecho y lo que sigue haciendo es admirable&#8221;, afirm\u00f3.<\/p><p class=\"wp-block-paragraph\">&#8220;Tiene por lo menos un a\u00f1o m\u00e1s y estoy seguro de que lo conseguir\u00e1. No s\u00e9 cu\u00e1nto tiempo m\u00e1s quiere jugar, pero si quiere jugar hasta los 50 a\u00f1os, seguir\u00e1 marcando goles.&#8221;<\/p><h2 class=\"wp-block-heading\">Cr\u00edticas al VAR tras la eliminaci\u00f3n de Croacia<\/h2><p class=\"wp-block-paragraph\">Modri\u0107 tambi\u00e9n record\u00f3 la \u00faltima participaci\u00f3n de Croacia en el Mundial y las pol\u00e9micas decisiones arbitrales. El mediocampista describi\u00f3 la derrota ante Portugal como una gran frustraci\u00f3n y consider\u00f3 que Croacia hab\u00eda jugado un muy buen partido.<\/p><p class=\"wp-block-paragraph\">Tambi\u00e9n critic\u00f3 la manera en que se utiliza el VAR.<\/p><p class=\"wp-block-paragraph\">&#8220;El VAR es bueno para el f\u00fatbol en parte, pero creo que lo utilizan de manera incorrecta y selectiva. La tecnolog\u00eda debe ayudar en errores evidentes, como los fuera de juego o la l\u00ednea de gol, pero las decisiones en las situaciones grises deben seguir estando en manos del \u00e1rbitro&#8221;, concluy\u00f3 Modri\u0107.<\/p><figure class=\"wp-block-image size-full\"><img fetchpriority=\"high\" decoding=\"async\" width=\"564\" height=\"390\" src=\"https:\/\/crolatam.com\/wp-content\/uploads\/2026\/09\/Modric-AS.avif\" alt=\"\" class=\"wp-image-7400\" srcset=\"https:\/\/crolatam.com\/wp-content\/uploads\/2026\/09\/Modric-AS.avif 564w, https:\/\/crolatam.com\/wp-content\/uploads\/2026\/09\/Modric-AS-300x207.avif 300w, https:\/\/crolatam.com\/wp-content\/uploads\/2026\/09\/Modric-AS-17x12.avif 17w\" sizes=\"(max-width: 564px) 100vw, 564px\" \/><\/figure><p class=\"wp-block-paragraph\"><strong>FOTOGRAFIJA:<\/strong> AS<\/p><p class=\"wp-block-paragraph\"><\/p><div id=\"banner-blog-mobile\" class=\"crola-after-content-2 crola-entity-placement\"><a href=\"https:\/\/wa.me\/5491169138790\" aria-label=\"PRAVOKUTNI TRANSPARENT 1\"><img src=\"https:\/\/crolatam.com\/wp-content\/uploads\/2026\/06\/BANNER-RECTANGULAR-1.jpeg\" alt=\"\"  srcset=\"https:\/\/crolatam.com\/wp-content\/uploads\/2026\/06\/BANNER-RECTANGULAR-1.jpeg 1280w, https:\/\/crolatam.com\/wp-content\/uploads\/2026\/06\/BANNER-RECTANGULAR-1-300x250.jpeg 300w, https:\/\/crolatam.com\/wp-content\/uploads\/2026\/06\/BANNER-RECTANGULAR-1-1024x854.jpeg 1024w, https:\/\/crolatam.com\/wp-content\/uploads\/2026\/06\/BANNER-RECTANGULAR-1-768x641.jpeg 768w, https:\/\/crolatam.com\/wp-content\/uploads\/2026\/06\/BANNER-RECTANGULAR-1-14x12.jpeg 14w, https:\/\/crolatam.com\/wp-content\/uploads\/2026\/06\/BANNER-RECTANGULAR-1-600x501.jpeg 600w\" sizes=\"(max-width: 1280px) 100vw, 1280px\" width=\"1280\" height=\"1068\"   \/><\/a><\/div><div id=\"banner-blog-desktop\" class=\"crola-after-content crola-entity-placement\"><a href=\"https:\/\/wa.me\/5491169138790\" aria-label=\"HORIZONTALNI TRANSPARENT 1 (1)\"><img src=\"https:\/\/crolatam.com\/wp-content\/uploads\/2026\/06\/BANNER-HORIZONTAL-1-1.jpeg\" alt=\"\"  srcset=\"https:\/\/crolatam.com\/wp-content\/uploads\/2026\/06\/BANNER-HORIZONTAL-1-1.jpeg 1280w, https:\/\/crolatam.com\/wp-content\/uploads\/2026\/06\/BANNER-HORIZONTAL-1-1-300x94.jpeg 300w, https:\/\/crolatam.com\/wp-content\/uploads\/2026\/06\/BANNER-HORIZONTAL-1-1-1024x320.jpeg 1024w, https:\/\/crolatam.com\/wp-content\/uploads\/2026\/06\/BANNER-HORIZONTAL-1-1-768x240.jpeg 768w, https:\/\/crolatam.com\/wp-content\/uploads\/2026\/06\/BANNER-HORIZONTAL-1-1-18x6.jpeg 18w, https:\/\/crolatam.com\/wp-content\/uploads\/2026\/06\/BANNER-HORIZONTAL-1-1-600x188.jpeg 600w\" sizes=\"(max-width: 1280px) 100vw, 1280px\" width=\"1280\" height=\"400\"   \/><\/a><\/div>","protected":false},"excerpt":{"rendered":"<p>El capit\u00e1n de la selecci\u00f3n croata asegur\u00f3 que hablar\u00e1 con la Federaci\u00f3n Croata de F\u00fatbol y con el nuevo seleccionador Slaven Bili\u0107.<\/p>","protected":false},"author":4,"featured_media":6366,"comment_status":"closed","ping_status":"open","sticky":false,"template":"","format":"standard","meta":{"footnotes":""},"categories":[82,172],"tags":[925,92,307,491],"class_list":["post-7398","post","type-post","status-publish","format-standard","has-post-thumbnail","hentry","category-deporte","category-destacadas","tag-as","tag-croacia","tag-futbol","tag-modric"],"_links":{"self":[{"href":"https:\/\/crolatam.com\/hrv\/wp-json\/wp\/v2\/posts\/7398","targetHints":{"allow":["GET"]}}],"collection":[{"href":"https:\/\/crolatam.com\/hrv\/wp-json\/wp\/v2\/posts"}],"about":[{"href":"https:\/\/crolatam.com\/hrv\/wp-json\/wp\/v2\/types\/post"}],"author":[{"embeddable":true,"href":"https:\/\/crolatam.com\/hrv\/wp-json\/wp\/v2\/users\/4"}],"replies":[{"embeddable":true,"href":"https:\/\/crolatam.com\/hrv\/wp-json\/wp\/v2\/comments?post=7398"}],"version-history":[{"count":2,"href":"https:\/\/crolatam.com\/hrv\/wp-json\/wp\/v2\/posts\/7398\/revisions"}],"predecessor-version":[{"id":7402,"href":"https:\/\/crolatam.com\/hrv\/wp-json\/wp\/v2\/posts\/7398\/revisions\/7402"}],"wp:featuredmedia":[{"embeddable":true,"href":"https:\/\/crolatam.com\/hrv\/wp-json\/wp\/v2\/media\/6366"}],"wp:attachment":[{"href":"https:\/\/crolatam.com\/hrv\/wp-json\/wp\/v2\/media?parent=7398"}],"wp:term":[{"taxonomy":"category","embeddable":true,"href":"https:\/\/crolatam.com\/hrv\/wp-json\/wp\/v2\/categories?post=7398"},{"taxonomy":"post_tag","embeddable":true,"href":"https:\/\/crolatam.com\/hrv\/wp-json\/wp\/v2\/tags?post=7398"}],"curies":[{"name":"radni list","href":"https:\/\/api.w.org\/{rel}","templated":true}]}}