{"id":7403,"date":"2026-09-02T23:18:44","date_gmt":"2026-09-02T23:18:44","guid":{"rendered":"https:\/\/crolatam.com\/?p=7403"},"modified":"2026-09-02T23:18:45","modified_gmt":"2026-09-02T23:18:45","slug":"croacia-gana-su-grupo-en-el-mundial-socca","status":"publish","type":"post","link":"https:\/\/crolatam.com\/hrv\/croacia-gana-su-grupo-en-el-mundial-socca\/","title":{"rendered":"Croacia gana su grupo en el Mundial Socca"},"content":{"rendered":"<p class=\"wp-block-paragraph\">La selecci\u00f3n de Croacia termin\u00f3 en el primer lugar de su grupo en el Mundial Socca de f\u00fatbol 6 que se disputa en Essen, Alemania, pero no logr\u00f3 quedar entre las ocho mejores selecciones que avanzaron directamente a los octavos de final. Por ello, el equipo dirigido por Dino Kova\u010d deber\u00e1 disputar un partido de repechaje ante Turqu\u00eda este jueves a las 16:30, hora local.<\/p><p class=\"wp-block-paragraph\">En caso de victoria, Croacia se enfrentar\u00e1 a Espa\u00f1a en los octavos de final. La selecci\u00f3n espa\u00f1ola gan\u00f3 el Grupo J con puntaje perfecto, nueve puntos, y una diferencia de goles de 17-1. En esa zona tambi\u00e9n participaron las selecciones de Rumania, Canad\u00e1 y Uzbekist\u00e1n.<\/p><p class=\"wp-block-paragraph\">Croacia termin\u00f3 primera del Grupo G con seis puntos despu\u00e9s de vencer a Italia 3-1. Per\u00fa tambi\u00e9n avanz\u00f3 a la fase eliminatoria tras empatar 4-4 con Afganist\u00e1n en la \u00faltima jornada.<\/p><p class=\"wp-block-paragraph\">Ambas selecciones terminaron con cuatro puntos y una diferencia de goles de -1, pero Per\u00fa se qued\u00f3 con el segundo lugar gracias a una mayor cantidad de goles anotados.<\/p><p class=\"wp-block-paragraph\">Los peruanos se enfrentar\u00e1n a Om\u00e1n en el repechaje por un lugar en los octavos de final.<\/p><p class=\"wp-block-paragraph\">Adem\u00e1s de Espa\u00f1a, las selecciones de Dinamarca, Polonia, Grecia, Francia, Kazajist\u00e1n, Ucrania y Brasil obtuvieron su clasificaci\u00f3n directa a los octavos de final.<\/p><p class=\"wp-block-paragraph\">Todos los partidos de los octavos de final se disputar\u00e1n el viernes. Los cuartos de final y las semifinales est\u00e1n programados para el s\u00e1bado, mientras que el partido por el tercer lugar y la final se jugar\u00e1n el domingo.<\/p><p class=\"wp-block-paragraph\"><strong>FOTOGRAFIJA:<\/strong> HINA<\/p><p class=\"wp-block-paragraph\"><\/p><div id=\"banner-blog-mobile\" class=\"crola-after-content-2 crola-entity-placement\"><a href=\"https:\/\/wa.me\/5491169138790\" aria-label=\"PRAVOKUTNI TRANSPARENT 1\"><img src=\"https:\/\/crolatam.com\/wp-content\/uploads\/2026\/06\/BANNER-RECTANGULAR-1.jpeg\" alt=\"\"  srcset=\"https:\/\/crolatam.com\/wp-content\/uploads\/2026\/06\/BANNER-RECTANGULAR-1.jpeg 1280w, https:\/\/crolatam.com\/wp-content\/uploads\/2026\/06\/BANNER-RECTANGULAR-1-300x250.jpeg 300w, https:\/\/crolatam.com\/wp-content\/uploads\/2026\/06\/BANNER-RECTANGULAR-1-1024x854.jpeg 1024w, https:\/\/crolatam.com\/wp-content\/uploads\/2026\/06\/BANNER-RECTANGULAR-1-768x641.jpeg 768w, https:\/\/crolatam.com\/wp-content\/uploads\/2026\/06\/BANNER-RECTANGULAR-1-14x12.jpeg 14w, https:\/\/crolatam.com\/wp-content\/uploads\/2026\/06\/BANNER-RECTANGULAR-1-600x501.jpeg 600w\" sizes=\"(max-width: 1280px) 100vw, 1280px\" width=\"1280\" height=\"1068\"   \/><\/a><\/div><div id=\"banner-blog-desktop\" class=\"crola-after-content crola-entity-placement\"><a href=\"https:\/\/wa.me\/5491169138790\" aria-label=\"HORIZONTALNI TRANSPARENT 1 (1)\"><img src=\"https:\/\/crolatam.com\/wp-content\/uploads\/2026\/06\/BANNER-HORIZONTAL-1-1.jpeg\" alt=\"\"  srcset=\"https:\/\/crolatam.com\/wp-content\/uploads\/2026\/06\/BANNER-HORIZONTAL-1-1.jpeg 1280w, https:\/\/crolatam.com\/wp-content\/uploads\/2026\/06\/BANNER-HORIZONTAL-1-1-300x94.jpeg 300w, https:\/\/crolatam.com\/wp-content\/uploads\/2026\/06\/BANNER-HORIZONTAL-1-1-1024x320.jpeg 1024w, https:\/\/crolatam.com\/wp-content\/uploads\/2026\/06\/BANNER-HORIZONTAL-1-1-768x240.jpeg 768w, https:\/\/crolatam.com\/wp-content\/uploads\/2026\/06\/BANNER-HORIZONTAL-1-1-18x6.jpeg 18w, https:\/\/crolatam.com\/wp-content\/uploads\/2026\/06\/BANNER-HORIZONTAL-1-1-600x188.jpeg 600w\" sizes=\"(max-width: 1280px) 100vw, 1280px\" width=\"1280\" height=\"400\"   \/><\/a><\/div>","protected":false},"excerpt":{"rendered":"<p>Croacia termin\u00f3 primera del Grupo G con seis puntos despu\u00e9s de vencer a Italia 3-1.<\/p>","protected":false},"author":4,"featured_media":7404,"comment_status":"closed","ping_status":"open","sticky":false,"template":"","format":"standard","meta":{"footnotes":""},"categories":[82],"tags":[92,307,446,926],"class_list":["post-7403","post","type-post","status-publish","format-standard","has-post-thumbnail","hentry","category-deporte","tag-croacia","tag-futbol","tag-mundial","tag-socca"],"_links":{"self":[{"href":"https:\/\/crolatam.com\/hrv\/wp-json\/wp\/v2\/posts\/7403","targetHints":{"allow":["GET"]}}],"collection":[{"href":"https:\/\/crolatam.com\/hrv\/wp-json\/wp\/v2\/posts"}],"about":[{"href":"https:\/\/crolatam.com\/hrv\/wp-json\/wp\/v2\/types\/post"}],"author":[{"embeddable":true,"href":"https:\/\/crolatam.com\/hrv\/wp-json\/wp\/v2\/users\/4"}],"replies":[{"embeddable":true,"href":"https:\/\/crolatam.com\/hrv\/wp-json\/wp\/v2\/comments?post=7403"}],"version-history":[{"count":1,"href":"https:\/\/crolatam.com\/hrv\/wp-json\/wp\/v2\/posts\/7403\/revisions"}],"predecessor-version":[{"id":7405,"href":"https:\/\/crolatam.com\/hrv\/wp-json\/wp\/v2\/posts\/7403\/revisions\/7405"}],"wp:featuredmedia":[{"embeddable":true,"href":"https:\/\/crolatam.com\/hrv\/wp-json\/wp\/v2\/media\/7404"}],"wp:attachment":[{"href":"https:\/\/crolatam.com\/hrv\/wp-json\/wp\/v2\/media?parent=7403"}],"wp:term":[{"taxonomy":"category","embeddable":true,"href":"https:\/\/crolatam.com\/hrv\/wp-json\/wp\/v2\/categories?post=7403"},{"taxonomy":"post_tag","embeddable":true,"href":"https:\/\/crolatam.com\/hrv\/wp-json\/wp\/v2\/tags?post=7403"}],"curies":[{"name":"radni list","href":"https:\/\/api.w.org\/{rel}","templated":true}]}}