{"id":7407,"date":"2026-09-03T11:59:21","date_gmt":"2026-09-03T11:59:21","guid":{"rendered":"https:\/\/crolatam.com\/?p=7407"},"modified":"2026-09-03T12:18:02","modified_gmt":"2026-09-03T12:18:02","slug":"konavle-se-prepara-para-cinco-dias-de-tango-con-destacada-presencia-argentina","status":"publish","type":"post","link":"https:\/\/crolatam.com\/hrv\/konavle-se-prepara-para-cinco-dias-de-tango-con-destacada-presencia-argentina\/","title":{"rendered":"Konavle se prepara para cinco d\u00edas de tango con destacada presencia argentina"},"content":{"rendered":"<p class=\"wp-block-paragraph\"><strong>El Konavle Tango Dream se realizar\u00e1 del 23 al 27 de septiembre en el sur de Croacia, con actividades en Cavtat, Gruda y otros puntos de la regi\u00f3n. El programa combinar\u00e1 milongas, talleres, m\u00fasica en vivo y cultura local, con la participaci\u00f3n de cuatro destacados artistas vinculados al tango argentino.<\/strong><\/p><p class=\"wp-block-paragraph\">El tango volver\u00e1 a encontrarse con el paisaje del sur de Croacia durante una nueva edici\u00f3n del <strong>Konavle Tango Dream<\/strong>, que se desarrollar\u00e1 del mi\u00e9rcoles 23 al domingo 27 de septiembre de 2026. Durante cinco jornadas, el festival propone una combinaci\u00f3n de milongas, talleres, actuaciones y conciertos en distintos puntos de Konavle, principalmente en Cavtat y Gruda.<\/p><p class=\"wp-block-paragraph\">La programaci\u00f3n tendr\u00e1 una marcada presencia argentina. Entre los artistas invitados se encuentran <strong>Alejandra Manti\u00f1an<\/strong>, figura del tango argentino nacida en Buenos Aires, y <strong>Leandro G\u00f3mez<\/strong>, bailar\u00edn, core\u00f3grafo y docente nacido en Mar del Plata, quienes estar\u00e1n a cargo de varios de los talleres y protagonizar\u00e1n una exhibici\u00f3n durante la milonga de gala del s\u00e1bado.<\/p><p class=\"wp-block-paragraph\">Tambi\u00e9n participar\u00e1n los m\u00fasicos <strong>Agust\u00edn Guerrero<\/strong>, compositor, pianista y arreglador nacido en Lomas de Zamora, y <strong>Leonel Capitano<\/strong>, cantante, bandoneonista y compositor rosarino. Ambos tendr\u00e1n un papel central en la apertura del festival, que incluir\u00e1 una propuesta dedicada al desarrollo de la cultura del tango a trav\u00e9s de la palabra y la m\u00fasica, seguida por un concierto.<\/p><figure class=\"wp-block-gallery has-nested-images columns-default is-cropped wp-block-gallery-1 is-layout-flex wp-block-gallery-is-layout-flex\"><figure class=\"wp-block-image size-large\"><img fetchpriority=\"high\" decoding=\"async\" width=\"461\" height=\"642\" data-id=\"7412\" src=\"https:\/\/crolatam.com\/wp-content\/uploads\/2026\/09\/image-1-edited.png\" alt=\"\" class=\"wp-image-7412\" srcset=\"https:\/\/crolatam.com\/wp-content\/uploads\/2026\/09\/image-1-edited.png 461w, https:\/\/crolatam.com\/wp-content\/uploads\/2026\/09\/image-1-edited-215x300.png 215w, https:\/\/crolatam.com\/wp-content\/uploads\/2026\/09\/image-1-edited-9x12.png 9w\" sizes=\"(max-width: 461px) 100vw, 461px\" \/><figcaption class=\"wp-element-caption\">Agust\u00edn Guerrerro Foto: Web oficial konavle tango festival<\/figcaption><\/figure>\n\n<figure class=\"wp-block-image size-large\"><img decoding=\"async\" width=\"452\" height=\"639\" data-id=\"7411\" src=\"https:\/\/crolatam.com\/wp-content\/uploads\/2026\/09\/image-edited.png\" alt=\"\" class=\"wp-image-7411\" srcset=\"https:\/\/crolatam.com\/wp-content\/uploads\/2026\/09\/image-edited.png 452w, https:\/\/crolatam.com\/wp-content\/uploads\/2026\/09\/image-edited-212x300.png 212w, https:\/\/crolatam.com\/wp-content\/uploads\/2026\/09\/image-edited-8x12.png 8w\" sizes=\"(max-width: 452px) 100vw, 452px\" \/><figcaption class=\"wp-element-caption\"><strong>Alejandra Manti\u00f1an<\/strong>y Leandro G\u00f3mez  Foto: Web oficial konavle Tango festival<\/figcaption><\/figure><\/figure><p class=\"wp-block-paragraph\">La primera jornada se realizar\u00e1 el mi\u00e9rcoles 23 en el Centro Cultural de Cavtat y tendr\u00e1 entrada gratuita para los interesados. Entre las actividades se incluir\u00e1 una presentaci\u00f3n sobre la evoluci\u00f3n de la m\u00fasica de tango conducida por Capitano con acompa\u00f1amiento de Guerrero al piano, un concierto, un taller introductorio con Manti\u00f1an y G\u00f3mez y una milonga de apertura.<\/p><p class=\"wp-block-paragraph\">A partir del jueves, buena parte de la programaci\u00f3n se trasladar\u00e1 al Centro Cultural de Gruda. All\u00ed se desarrollar\u00e1n talleres sobre musicalidad, biomec\u00e1nica aplicada al tango, eje y abrazo, sacadas y cambios de direcci\u00f3n, simplicidad en el baile y expresi\u00f3n personal. Las propuestas estar\u00e1n destinadas tanto a participantes de todos los niveles como a bailarines intermedios y avanzados, seg\u00fan cada actividad.<\/p><p class=\"wp-block-paragraph\">Las milongas tendr\u00e1n tambi\u00e9n un lugar central durante las cinco jornadas. El jueves se realizar\u00e1 la milonga de bienvenida; el viernes habr\u00e1 una milonga por la tarde y la denominada Milonga Konavle; mientras que el s\u00e1bado se desarrollar\u00e1n otra sesi\u00f3n vespertina y la <strong>Milonga de Gala<\/strong>, que incluir\u00e1 una presentaci\u00f3n de Alejandra Manti\u00f1an y Leandro G\u00f3mez. La musicalizaci\u00f3n estar\u00e1 a cargo de los DJ Nikola, Dino, Vera y Shone a lo largo del festival.<\/p><p class=\"wp-block-paragraph\">El cierre del domingo incorporar\u00e1 adem\u00e1s elementos de la cultura de Konavle. El programa contempla un encuentro por la ma\u00f1ana en la plaza frente a la iglesia de <strong>\u010cilipi<\/strong>, seguido por una presentaci\u00f3n folcl\u00f3rica de KUD \u010cilipi, con entrada gratuita para los participantes del festival. Posteriormente est\u00e1 previsto un almuerzo y una milonga con DJ Vera; el almuerzo deber\u00e1 abonarse en el lugar y requiere reserva con al menos dos d\u00edas de anticipaci\u00f3n.<\/p><p class=\"wp-block-paragraph\">La identidad argentina tambi\u00e9n estar\u00e1 presente a trav\u00e9s de una de sus costumbres m\u00e1s reconocidas. Terra Nostra Dubrovnik, tienda de yerba mate, acompa\u00f1ar\u00e1 el festival con una degustaci\u00f3n para los asistentes. La propuesta se suma al intercambio cultural del encuentro, que reunir\u00e1 a profesores y m\u00fasicos argentinos con talentos locales en Croacia.<\/p><p class=\"wp-block-paragraph\">En cuanto a los valores publicados actualmente por la organizaci\u00f3n, los talleres individuales tienen un costo de <strong>30 euros<\/strong>, mientras que un paquete de tres cuesta 80 euros y el pase completo de talleres, 150 euros. Las milongas nocturnas del jueves y viernes tienen un valor de 20 euros cada una y la del s\u00e1bado, 25 euros; el pase completo para las milongas cuesta 60 euros. <strong>Las milongas de la tarde son de acceso gratuito.<\/strong><\/p><p class=\"wp-block-paragraph\">La inscripci\u00f3n es obligatoria para los talleres, las milongas nocturnas y la actividad del domingo que requiere reserva. El sitio oficial presenta al Konavle Tango Festival como un encuentro en el sur de Croacia que busca integrar el baile con la naturaleza y la cultura local, y se\u00f1ala que la iniciativa cuenta con el apoyo de instituciones locales y contribuciones voluntarias.<\/p><p class=\"wp-block-paragraph\">Vi\u0161e informacija: <a href=\"https:\/\/konavletangofestival.com.hr\/\">https:\/\/konavletangofestival.com.hr\/<\/a><\/p><p class=\"wp-block-paragraph\"><strong>Fontana:<\/strong> Sitio oficial de Konavle Tango Dream \/ Konavle Tango Festival, consultado el 3 de septiembre de 2026.<\/p><div id=\"banner-blog-mobile\" class=\"crola-after-content-2 crola-entity-placement\"><a href=\"https:\/\/wa.me\/5491169138790\" aria-label=\"PRAVOKUTNI TRANSPARENT 1\"><img src=\"https:\/\/crolatam.com\/wp-content\/uploads\/2026\/06\/BANNER-RECTANGULAR-1.jpeg\" alt=\"\"  srcset=\"https:\/\/crolatam.com\/wp-content\/uploads\/2026\/06\/BANNER-RECTANGULAR-1.jpeg 1280w, https:\/\/crolatam.com\/wp-content\/uploads\/2026\/06\/BANNER-RECTANGULAR-1-300x250.jpeg 300w, https:\/\/crolatam.com\/wp-content\/uploads\/2026\/06\/BANNER-RECTANGULAR-1-1024x854.jpeg 1024w, https:\/\/crolatam.com\/wp-content\/uploads\/2026\/06\/BANNER-RECTANGULAR-1-768x641.jpeg 768w, https:\/\/crolatam.com\/wp-content\/uploads\/2026\/06\/BANNER-RECTANGULAR-1-14x12.jpeg 14w, https:\/\/crolatam.com\/wp-content\/uploads\/2026\/06\/BANNER-RECTANGULAR-1-600x501.jpeg 600w\" sizes=\"(max-width: 1280px) 100vw, 1280px\" width=\"1280\" height=\"1068\"   \/><\/a><\/div><div id=\"banner-blog-desktop\" class=\"crola-after-content crola-entity-placement\"><a href=\"https:\/\/wa.me\/5491169138790\" aria-label=\"HORIZONTALNI TRANSPARENT 1 (1)\"><img src=\"https:\/\/crolatam.com\/wp-content\/uploads\/2026\/06\/BANNER-HORIZONTAL-1-1.jpeg\" alt=\"\"  srcset=\"https:\/\/crolatam.com\/wp-content\/uploads\/2026\/06\/BANNER-HORIZONTAL-1-1.jpeg 1280w, https:\/\/crolatam.com\/wp-content\/uploads\/2026\/06\/BANNER-HORIZONTAL-1-1-300x94.jpeg 300w, https:\/\/crolatam.com\/wp-content\/uploads\/2026\/06\/BANNER-HORIZONTAL-1-1-1024x320.jpeg 1024w, https:\/\/crolatam.com\/wp-content\/uploads\/2026\/06\/BANNER-HORIZONTAL-1-1-768x240.jpeg 768w, https:\/\/crolatam.com\/wp-content\/uploads\/2026\/06\/BANNER-HORIZONTAL-1-1-18x6.jpeg 18w, https:\/\/crolatam.com\/wp-content\/uploads\/2026\/06\/BANNER-HORIZONTAL-1-1-600x188.jpeg 600w\" sizes=\"(max-width: 1280px) 100vw, 1280px\" width=\"1280\" height=\"400\"   \/><\/a><\/div>","protected":false},"excerpt":{"rendered":"<p>El Konavle Tango Dream se realizar\u00e1 del 23 al 27 de septiembre en el sur de Croacia, con milongas, talleres, conciertos y actividades culturales. Artistas argentinos compartir\u00e1n programaci\u00f3n con talentos locales, en un encuentro que tambi\u00e9n incorporar\u00e1 elementos de la identidad argentina como la tradicional yerba mate.<\/p>","protected":false},"author":3,"featured_media":7413,"comment_status":"closed","ping_status":"open","sticky":false,"template":"","format":"standard","meta":{"footnotes":""},"categories":[79,172,167],"tags":[92,930,927,928,929],"class_list":["post-7407","post","type-post","status-publish","format-standard","has-post-thumbnail","hentry","category-cultura-y-sociedad","category-destacadas","category-migracion","tag-croacia","tag-festival-de-tango","tag-konavle","tag-tango","tag-tango-argentino"],"_links":{"self":[{"href":"https:\/\/crolatam.com\/hrv\/wp-json\/wp\/v2\/posts\/7407","targetHints":{"allow":["GET"]}}],"collection":[{"href":"https:\/\/crolatam.com\/hrv\/wp-json\/wp\/v2\/posts"}],"about":[{"href":"https:\/\/crolatam.com\/hrv\/wp-json\/wp\/v2\/types\/post"}],"author":[{"embeddable":true,"href":"https:\/\/crolatam.com\/hrv\/wp-json\/wp\/v2\/users\/3"}],"replies":[{"embeddable":true,"href":"https:\/\/crolatam.com\/hrv\/wp-json\/wp\/v2\/comments?post=7407"}],"version-history":[{"count":3,"href":"https:\/\/crolatam.com\/hrv\/wp-json\/wp\/v2\/posts\/7407\/revisions"}],"predecessor-version":[{"id":7416,"href":"https:\/\/crolatam.com\/hrv\/wp-json\/wp\/v2\/posts\/7407\/revisions\/7416"}],"wp:featuredmedia":[{"embeddable":true,"href":"https:\/\/crolatam.com\/hrv\/wp-json\/wp\/v2\/media\/7413"}],"wp:attachment":[{"href":"https:\/\/crolatam.com\/hrv\/wp-json\/wp\/v2\/media?parent=7407"}],"wp:term":[{"taxonomy":"category","embeddable":true,"href":"https:\/\/crolatam.com\/hrv\/wp-json\/wp\/v2\/categories?post=7407"},{"taxonomy":"post_tag","embeddable":true,"href":"https:\/\/crolatam.com\/hrv\/wp-json\/wp\/v2\/tags?post=7407"}],"curies":[{"name":"radni list","href":"https:\/\/api.w.org\/{rel}","templated":true}]}}