{"id":7417,"date":"2026-09-03T12:31:00","date_gmt":"2026-09-03T12:31:00","guid":{"rendered":"https:\/\/crolatam.com\/?p=7417"},"modified":"2026-09-03T12:31:02","modified_gmt":"2026-09-03T12:31:02","slug":"croacia-registro-924-nacimientos-mas-en-los-primeros-siete-meses-de-2026","status":"publish","type":"post","link":"https:\/\/crolatam.com\/hrv\/croacia-registro-924-nacimientos-mas-en-los-primeros-siete-meses-de-2026\/","title":{"rendered":"Croacia registr\u00f3 924 nacimientos m\u00e1s en los primeros siete meses de 2026"},"content":{"rendered":"<p class=\"wp-block-paragraph\"><strong>El pa\u00eds contabiliz\u00f3 un aumento de nacimientos respecto del mismo per\u00edodo de 2025 y en julio super\u00f3 los 3.000 nacidos vivos por primera vez en seis a\u00f1os. El Ministerio de Demograf\u00eda e Inmigraci\u00f3n calific\u00f3 los datos como alentadores, aunque advirti\u00f3 que todav\u00eda no permiten hablar de un cambio estructural.<\/strong><\/p><p class=\"wp-block-paragraph\">Croacia registr\u00f3 <strong>924 nacimientos m\u00e1s durante los primeros siete meses de 2026<\/strong> en comparaci\u00f3n con el mismo per\u00edodo del a\u00f1o anterior, seg\u00fan datos destacados por el Ministerio de Demograf\u00eda e Inmigraci\u00f3n. El organismo se\u00f1al\u00f3 adem\u00e1s que julio mostr\u00f3 un crecimiento especialmente significativo.<\/p><p class=\"wp-block-paragraph\">Durante ese mes, el n\u00famero de nacidos vivos super\u00f3 los <strong>3.000 por primera vez en seis a\u00f1os<\/strong>. Desde el Ministerio calificaron la evoluci\u00f3n como alentadora, aunque remarcaron que debe ser analizada con cautela debido al car\u00e1cter de largo plazo de los procesos demogr\u00e1ficos.<\/p><p class=\"wp-block-paragraph\">El incremento se produce en un contexto marcado por d\u00e9cadas de descenso de la natalidad, emigraci\u00f3n y envejecimiento de la poblaci\u00f3n en Croacia. Por ese motivo, las autoridades se\u00f1alaron que los datos de un solo a\u00f1o no permiten concluir que se haya revertido la tendencia demogr\u00e1fica negativa acumulada durante un per\u00edodo prolongado.<\/p><p class=\"wp-block-paragraph\">Las pol\u00edticas demogr\u00e1ficas del pa\u00eds se concentran actualmente en tres \u00e1reas principales: aumentar el n\u00famero de nacimientos, facilitar que las familias j\u00f3venes permanezcan en Croacia y promover el regreso de ciudadanos croatas que emigraron. En paralelo, el Gobierno reforz\u00f3 el sistema de ayudas por maternidad y parentalidad y ampli\u00f3 programas de vivienda destinados a familias j\u00f3venes.<\/p><p class=\"wp-block-paragraph\">El Ministerio de Demograf\u00eda e Inmigraci\u00f3n sostiene que el objetivo es generar condiciones que acompa\u00f1en la decisi\u00f3n de formar una familia y reduzcan las cargas econ\u00f3micas y sociales asociadas. Las autoridades buscan orientar los recursos p\u00fablicos hacia medidas vinculadas con el apoyo parental, la seguridad habitacional y la calidad de vida de las familias.<\/p><p class=\"wp-block-paragraph\">El ministro de Demograf\u00eda e Inmigraci\u00f3n, <strong>Ivan \u0160ipi\u0107<\/strong>, se\u00f1al\u00f3 que los \u00faltimos datos deben interpretarse con optimismo, pero tambi\u00e9n con responsabilidad. \u201cDetr\u00e1s de cada uno de estos n\u00fameros hay una familia y una nueva vida\u201d, afirm\u00f3.<\/p><p class=\"wp-block-paragraph\">\u0160ipi\u0107 remarc\u00f3 adem\u00e1s que los desaf\u00edos demogr\u00e1ficos acumulados durante d\u00e9cadas no pueden resolverse en un solo a\u00f1o ni dentro de un \u00fanico mandato pol\u00edtico. Seg\u00fan expres\u00f3, cada nacimiento constituye una se\u00f1al de que las pol\u00edticas orientadas al apoyo de las familias deben mantenerse en el tiempo.<\/p><p class=\"wp-block-paragraph\">El ministro tambi\u00e9n destac\u00f3 que julio haya superado la barrera de los 3.000 nacimientos y manifest\u00f3 la expectativa de que ese resultado pueda convertirse en una se\u00f1al de una tendencia positiva. No obstante, el Ministerio continuar\u00e1 siguiendo los indicadores para evaluar la evoluci\u00f3n y el impacto concreto de las distintas pol\u00edticas implementadas.<\/p><p class=\"wp-block-paragraph\">Aunque las cifras correspondientes a 2026 muestran una mejora en el corto plazo, Croacia contin\u00faa enfrentando importantes desaf\u00edos demogr\u00e1ficos relacionados con la natalidad, la migraci\u00f3n y la estructura etaria de su poblaci\u00f3n.<\/p><p class=\"wp-block-paragraph\"><strong>Fontana:<\/strong> Croatia Week, con informaci\u00f3n del Ministerio de Demograf\u00eda e Inmigraci\u00f3n de Croacia, 1 de septiembre de 2026.<\/p><div id=\"banner-blog-mobile\" class=\"crola-after-content-2 crola-entity-placement\"><a href=\"https:\/\/wa.me\/5491169138790\" aria-label=\"PRAVOKUTNI TRANSPARENT 1\"><img src=\"https:\/\/crolatam.com\/wp-content\/uploads\/2026\/06\/BANNER-RECTANGULAR-1.jpeg\" alt=\"\"  srcset=\"https:\/\/crolatam.com\/wp-content\/uploads\/2026\/06\/BANNER-RECTANGULAR-1.jpeg 1280w, https:\/\/crolatam.com\/wp-content\/uploads\/2026\/06\/BANNER-RECTANGULAR-1-300x250.jpeg 300w, https:\/\/crolatam.com\/wp-content\/uploads\/2026\/06\/BANNER-RECTANGULAR-1-1024x854.jpeg 1024w, https:\/\/crolatam.com\/wp-content\/uploads\/2026\/06\/BANNER-RECTANGULAR-1-768x641.jpeg 768w, https:\/\/crolatam.com\/wp-content\/uploads\/2026\/06\/BANNER-RECTANGULAR-1-14x12.jpeg 14w, https:\/\/crolatam.com\/wp-content\/uploads\/2026\/06\/BANNER-RECTANGULAR-1-600x501.jpeg 600w\" sizes=\"(max-width: 1280px) 100vw, 1280px\" width=\"1280\" height=\"1068\"   \/><\/a><\/div><div id=\"banner-blog-desktop\" class=\"crola-after-content crola-entity-placement\"><a href=\"https:\/\/wa.me\/5491169138790\" aria-label=\"HORIZONTALNI TRANSPARENT 1 (1)\"><img src=\"https:\/\/crolatam.com\/wp-content\/uploads\/2026\/06\/BANNER-HORIZONTAL-1-1.jpeg\" alt=\"\"  srcset=\"https:\/\/crolatam.com\/wp-content\/uploads\/2026\/06\/BANNER-HORIZONTAL-1-1.jpeg 1280w, https:\/\/crolatam.com\/wp-content\/uploads\/2026\/06\/BANNER-HORIZONTAL-1-1-300x94.jpeg 300w, https:\/\/crolatam.com\/wp-content\/uploads\/2026\/06\/BANNER-HORIZONTAL-1-1-1024x320.jpeg 1024w, https:\/\/crolatam.com\/wp-content\/uploads\/2026\/06\/BANNER-HORIZONTAL-1-1-768x240.jpeg 768w, https:\/\/crolatam.com\/wp-content\/uploads\/2026\/06\/BANNER-HORIZONTAL-1-1-18x6.jpeg 18w, https:\/\/crolatam.com\/wp-content\/uploads\/2026\/06\/BANNER-HORIZONTAL-1-1-600x188.jpeg 600w\" sizes=\"(max-width: 1280px) 100vw, 1280px\" width=\"1280\" height=\"400\"   \/><\/a><\/div>","protected":false},"excerpt":{"rendered":"<p>El pa\u00eds contabiliz\u00f3 un aumento de nacimientos respecto del mismo per\u00edodo de 2025 y en julio super\u00f3 los 3.000 nacidos vivos por primera vez en seis a\u00f1os. El Ministerio de Demograf\u00eda e Inmigraci\u00f3n calific\u00f3 los datos como alentadores, aunque advirti\u00f3 que todav\u00eda no permiten hablar de un cambio estructural.<\/p>","protected":false},"author":3,"featured_media":7420,"comment_status":"closed","ping_status":"open","sticky":false,"template":"","format":"standard","meta":{"footnotes":""},"categories":[172,163],"tags":[931,92,312,598],"class_list":["post-7417","post","type-post","status-publish","format-standard","has-post-thumbnail","hentry","category-destacadas","category-politica-y-sociedad","tag-actualidadcroata","tag-croacia","tag-demografia","tag-poblacion"],"_links":{"self":[{"href":"https:\/\/crolatam.com\/hrv\/wp-json\/wp\/v2\/posts\/7417","targetHints":{"allow":["GET"]}}],"collection":[{"href":"https:\/\/crolatam.com\/hrv\/wp-json\/wp\/v2\/posts"}],"about":[{"href":"https:\/\/crolatam.com\/hrv\/wp-json\/wp\/v2\/types\/post"}],"author":[{"embeddable":true,"href":"https:\/\/crolatam.com\/hrv\/wp-json\/wp\/v2\/users\/3"}],"replies":[{"embeddable":true,"href":"https:\/\/crolatam.com\/hrv\/wp-json\/wp\/v2\/comments?post=7417"}],"version-history":[{"count":2,"href":"https:\/\/crolatam.com\/hrv\/wp-json\/wp\/v2\/posts\/7417\/revisions"}],"predecessor-version":[{"id":7421,"href":"https:\/\/crolatam.com\/hrv\/wp-json\/wp\/v2\/posts\/7417\/revisions\/7421"}],"wp:featuredmedia":[{"embeddable":true,"href":"https:\/\/crolatam.com\/hrv\/wp-json\/wp\/v2\/media\/7420"}],"wp:attachment":[{"href":"https:\/\/crolatam.com\/hrv\/wp-json\/wp\/v2\/media?parent=7417"}],"wp:term":[{"taxonomy":"category","embeddable":true,"href":"https:\/\/crolatam.com\/hrv\/wp-json\/wp\/v2\/categories?post=7417"},{"taxonomy":"post_tag","embeddable":true,"href":"https:\/\/crolatam.com\/hrv\/wp-json\/wp\/v2\/tags?post=7417"}],"curies":[{"name":"radni list","href":"https:\/\/api.w.org\/{rel}","templated":true}]}}