{"id":7427,"date":"2026-09-03T13:01:57","date_gmt":"2026-09-03T13:01:57","guid":{"rendered":"https:\/\/crolatam.com\/?p=7427"},"modified":"2026-09-03T13:01:58","modified_gmt":"2026-09-03T13:01:58","slug":"croacia-y-jujuy-argentina-se-encuentran-a-traves-de-la-danza","status":"publish","type":"post","link":"https:\/\/crolatam.com\/hrv\/croacia-y-jujuy-argentina-se-encuentran-a-traves-de-la-danza\/","title":{"rendered":"Croacia y Jujuy, Argentina, se encuentran a trav\u00e9s de la danza"},"content":{"rendered":"<p class=\"wp-block-paragraph\">La cultura croata ha ganado mayor visibilidad en los \u00faltimos d\u00edas en la provincia de Jujuy, en el noroeste de Argentina, donde se celebra el Primer Encuentro de Danzas Croatas.<\/p><p class=\"wp-block-paragraph\">El evento est\u00e1 dedicado a la difusi\u00f3n y preservaci\u00f3n de las danzas tradicionales croatas, as\u00ed como a fortalecer los v\u00ednculos entre los miembros de la comunidad croata y la poblaci\u00f3n local, inform\u00f3 el jueves el diario local&nbsp;<em>El Expreso<\/em>.<\/p><p class=\"wp-block-paragraph\">El encuentro se desarrolla en las instalaciones de la Sociedad Espa\u00f1ola y cuenta con la participaci\u00f3n de miembros de la comunidad croata de Jujuy, as\u00ed como de bailarines interesados en aprender y practicar danzas croatas. Las autoridades provinciales declararon el evento de inter\u00e9s cultural, destacando as\u00ed su papel como espacio de encuentro entre las distintas comunidades que viven en la provincia.<\/p><p class=\"wp-block-paragraph\">Jujuy se encuentra en el extremo noroeste de Argentina, en las fronteras con Bolivia y Chile. La provincia forma parte de la regi\u00f3n andina del pa\u00eds y su capital, San Salvador de Jujuy, est\u00e1 ubicada en un valle rodeado de zonas monta\u00f1osas. Se encuentra a unos 1.300 kil\u00f3metros de Buenos Aires.<\/p><p class=\"wp-block-paragraph\">Se trata de una regi\u00f3n conocida por su gran diversidad cultural, la fuerte influencia de los pueblos originarios y la presencia de numerosas comunidades de inmigrantes.<\/p><p class=\"wp-block-paragraph\">\u201cJujuy ha abierto los brazos a muchas colectividades\u201d, afirm\u00f3 Ana Mar\u00eda Sonjic, integrante de la comunidad croata de la provincia, quien destac\u00f3 que este tipo de iniciativas permite \u201centrelazar las culturas\u201d.<\/p><p class=\"wp-block-paragraph\">El encuentro tambi\u00e9n cuenta con apoyo internacional. El Gobierno de Croacia respald\u00f3 el programa de capacitaci\u00f3n en danzas tradicionales croatas.<\/p><p class=\"wp-block-paragraph\">En Jujuy, el proyecto se desarrolla en colaboraci\u00f3n entre la comunidad croata y el grupo de danzas Runakuna Wi\u00f1ay. La capacitaci\u00f3n comenz\u00f3 el mi\u00e9rcoles y continuar\u00e1 hasta el viernes, e incluye tanto la ense\u00f1anza de las danzas como el ajuste de las coreograf\u00edas.<\/p><p class=\"wp-block-paragraph\">Los organizadores tienen previsto dar continuidad al proyecto despu\u00e9s de este primer encuentro y uno de los pr\u00f3ximos objetivos es avanzar en la elaboraci\u00f3n de trajes tradicionales croatas. Esta tarea ser\u00e1 especialmente compleja debido a que las vestimentas y las danzas var\u00edan seg\u00fan la regi\u00f3n de Croacia.<\/p><p class=\"wp-block-paragraph\">\u201cCada regi\u00f3n de Croacia tiene sus propias danzas caracter\u00edsticas\u201d, explic\u00f3 Sonjic, al destacar la riqueza de la cultura tradicional croata.<\/p><p class=\"wp-block-paragraph\">Seg\u00fan estimaciones de sus integrantes, la comunidad croata de Jujuy re\u00fane actualmente a unas 30 personas, adem\u00e1s de sus descendientes y familiares. Sin embargo, uno de los objetivos de los organizadores es localizar a otros habitantes de la provincia de ascendencia croata que todav\u00eda no participan de las actividades de la colectividad.<\/p><p class=\"wp-block-paragraph\">Precisamente, los talleres de danzas ya permitieron incorporar a nuevos integrantes. Dos personas que recientemente comenzaron a participar de las actividades se acercaron motivadas por su inter\u00e9s en sus ra\u00edces familiares croatas.<\/p><p class=\"wp-block-paragraph\">Argentina es el pa\u00eds con la comunidad croata m\u00e1s numerosa de Sudam\u00e9rica. En el pa\u00eds viven unas 300.000 personas de origen croata, seg\u00fan datos de la Oficina para los Croatas fuera de Croacia.<\/p><p class=\"wp-block-paragraph\"><strong>FOTOGRAFIJA:<\/strong> El Expreso de Jujuy<\/p><p class=\"wp-block-paragraph\"><\/p><div id=\"banner-blog-mobile\" class=\"crola-after-content-2 crola-entity-placement\"><a href=\"https:\/\/wa.me\/5491169138790\" aria-label=\"PRAVOKUTNI TRANSPARENT 1\"><img src=\"https:\/\/crolatam.com\/wp-content\/uploads\/2026\/06\/BANNER-RECTANGULAR-1.jpeg\" alt=\"\"  srcset=\"https:\/\/crolatam.com\/wp-content\/uploads\/2026\/06\/BANNER-RECTANGULAR-1.jpeg 1280w, https:\/\/crolatam.com\/wp-content\/uploads\/2026\/06\/BANNER-RECTANGULAR-1-300x250.jpeg 300w, https:\/\/crolatam.com\/wp-content\/uploads\/2026\/06\/BANNER-RECTANGULAR-1-1024x854.jpeg 1024w, https:\/\/crolatam.com\/wp-content\/uploads\/2026\/06\/BANNER-RECTANGULAR-1-768x641.jpeg 768w, https:\/\/crolatam.com\/wp-content\/uploads\/2026\/06\/BANNER-RECTANGULAR-1-14x12.jpeg 14w, https:\/\/crolatam.com\/wp-content\/uploads\/2026\/06\/BANNER-RECTANGULAR-1-600x501.jpeg 600w\" sizes=\"(max-width: 1280px) 100vw, 1280px\" width=\"1280\" height=\"1068\"   \/><\/a><\/div><div id=\"banner-blog-desktop\" class=\"crola-after-content crola-entity-placement\"><a href=\"https:\/\/wa.me\/5491169138790\" aria-label=\"HORIZONTALNI TRANSPARENT 1 (1)\"><img src=\"https:\/\/crolatam.com\/wp-content\/uploads\/2026\/06\/BANNER-HORIZONTAL-1-1.jpeg\" alt=\"\"  srcset=\"https:\/\/crolatam.com\/wp-content\/uploads\/2026\/06\/BANNER-HORIZONTAL-1-1.jpeg 1280w, https:\/\/crolatam.com\/wp-content\/uploads\/2026\/06\/BANNER-HORIZONTAL-1-1-300x94.jpeg 300w, https:\/\/crolatam.com\/wp-content\/uploads\/2026\/06\/BANNER-HORIZONTAL-1-1-1024x320.jpeg 1024w, https:\/\/crolatam.com\/wp-content\/uploads\/2026\/06\/BANNER-HORIZONTAL-1-1-768x240.jpeg 768w, https:\/\/crolatam.com\/wp-content\/uploads\/2026\/06\/BANNER-HORIZONTAL-1-1-18x6.jpeg 18w, https:\/\/crolatam.com\/wp-content\/uploads\/2026\/06\/BANNER-HORIZONTAL-1-1-600x188.jpeg 600w\" sizes=\"(max-width: 1280px) 100vw, 1280px\" width=\"1280\" height=\"400\"   \/><\/a><\/div>","protected":false},"excerpt":{"rendered":"<p>La cultura croata ha ganado mayor visibilidad en el noroeste de Argentina, donde se celebra el Primer Encuentro de Danzas Croatas.<\/p>","protected":false},"author":4,"featured_media":7428,"comment_status":"closed","ping_status":"open","sticky":false,"template":"","format":"standard","meta":{"footnotes":""},"categories":[79,172],"tags":[103,123,932,545],"class_list":["post-7427","post","type-post","status-publish","format-standard","has-post-thumbnail","hentry","category-cultura-y-sociedad","category-destacadas","tag-argentina","tag-cultura","tag-danza","tag-jujuy"],"_links":{"self":[{"href":"https:\/\/crolatam.com\/hrv\/wp-json\/wp\/v2\/posts\/7427","targetHints":{"allow":["GET"]}}],"collection":[{"href":"https:\/\/crolatam.com\/hrv\/wp-json\/wp\/v2\/posts"}],"about":[{"href":"https:\/\/crolatam.com\/hrv\/wp-json\/wp\/v2\/types\/post"}],"author":[{"embeddable":true,"href":"https:\/\/crolatam.com\/hrv\/wp-json\/wp\/v2\/users\/4"}],"replies":[{"embeddable":true,"href":"https:\/\/crolatam.com\/hrv\/wp-json\/wp\/v2\/comments?post=7427"}],"version-history":[{"count":1,"href":"https:\/\/crolatam.com\/hrv\/wp-json\/wp\/v2\/posts\/7427\/revisions"}],"predecessor-version":[{"id":7429,"href":"https:\/\/crolatam.com\/hrv\/wp-json\/wp\/v2\/posts\/7427\/revisions\/7429"}],"wp:featuredmedia":[{"embeddable":true,"href":"https:\/\/crolatam.com\/hrv\/wp-json\/wp\/v2\/media\/7428"}],"wp:attachment":[{"href":"https:\/\/crolatam.com\/hrv\/wp-json\/wp\/v2\/media?parent=7427"}],"wp:term":[{"taxonomy":"category","embeddable":true,"href":"https:\/\/crolatam.com\/hrv\/wp-json\/wp\/v2\/categories?post=7427"},{"taxonomy":"post_tag","embeddable":true,"href":"https:\/\/crolatam.com\/hrv\/wp-json\/wp\/v2\/tags?post=7427"}],"curies":[{"name":"radni list","href":"https:\/\/api.w.org\/{rel}","templated":true}]}}