{"id":7440,"date":"2026-09-04T11:00:51","date_gmt":"2026-09-04T11:00:51","guid":{"rendered":"https:\/\/crolatam.com\/?p=7440"},"modified":"2026-09-04T11:01:57","modified_gmt":"2026-09-04T11:01:57","slug":"filip-krovinovic-marca-su-primer-gol-con-el-gremio-brasileno","status":"publish","type":"post","link":"https:\/\/crolatam.com\/hrv\/filip-krovinovic-marca-su-primer-gol-con-el-gremio-brasileno\/","title":{"rendered":"Filip Krovinovi\u0107 marca su primer gol con el Gr\u00eamio brasile\u00f1o"},"content":{"rendered":"<p class=\"wp-block-paragraph\">El futbolista croata Filip Krovinovi\u0107 marc\u00f3 su primer gol con la camiseta del Gr\u00eamio y ayud\u00f3 a su equipo a derrotar al Internacional por 3-1 en el partido de vuelta de los cuartos de final de la Copa de Brasil, resultado que le permiti\u00f3 avanzar a las semifinales del torneo.<\/p><p class=\"wp-block-paragraph\">Krovinovi\u0107 marc\u00f3 en el minuto 68 para ampliar la ventaja del Gr\u00eamio a 3-0, despu\u00e9s de que Carlos Vin\u00edcius hubiera anotado dos goles para el conjunto local. El Internacional logr\u00f3 reducir la diferencia en el minuto 79 por medio de Vitinho, pero no pudo evitar la eliminaci\u00f3n.<\/p><p class=\"wp-block-paragraph\">El primer partido de la eliminatoria, disputado en el estadio Beira-Rio, hab\u00eda terminado 0-0. De esta manera, el Gr\u00eamio necesitaba una victoria para avanzar, mientras que un nuevo empate habr\u00eda llevado la eliminatoria a los penaltis.<\/p><p class=\"wp-block-paragraph\">Con la victoria en el cl\u00e1sico Gre-Nal, el Gr\u00eamio se convirti\u00f3 en el \u00faltimo semifinalista de la Copa de Brasil. En la siguiente ronda se enfrentar\u00e1 al Atl\u00e9tico-MG, que elimin\u00f3 al Cruzeiro.<\/p><p class=\"wp-block-paragraph\">La otra semifinal enfrentar\u00e1 al Palmeiras y al Vasco da Gama. El Palmeiras elimin\u00f3 al Santos, mientras que el Vasco super\u00f3 al Vit\u00f3ria.<\/p><p class=\"wp-block-paragraph\">Para el centrocampista croata de 30 a\u00f1os, este fue su quinto partido con el Gr\u00eamio, al que lleg\u00f3 como agente libre despu\u00e9s de rescindir de mutuo acuerdo su contrato con el Hajduk. De este modo, se convirti\u00f3 en el primer futbolista croata en vestir la camiseta del club brasile\u00f1o.<\/p><p class=\"wp-block-paragraph\">Krovinovi\u0107 dedic\u00f3 el gol al entrenador Lu\u00eds Castro, con quien ya hab\u00eda trabajado durante su etapa en el Rio Ave portugu\u00e9s. Seg\u00fan sus propias palabras, Castro fue una de las principales razones por las que decidi\u00f3 aceptar el desaf\u00edo de trasladarse a Brasil.<\/p><p class=\"wp-block-paragraph\">&#8220;La victoria y el gol son para Lu\u00eds Castro. Estoy aqu\u00ed por \u00e9l. Todos estamos juntos en esto. Me siento como en casa. Los amigos, entrenadores, compa\u00f1eros y m\u00e9dicos me brindan un gran apoyo. Estoy muy feliz&#8221;, declar\u00f3 Krovinovi\u0107.<\/p><p class=\"wp-block-paragraph\">En una entrevista concedida a Gr\u00eamioTV antes del partido, el centrocampista croata tambi\u00e9n habl\u00f3 sobre sus primeras impresiones tras llegar a Porto Alegre. Destac\u00f3 su r\u00e1pida adaptaci\u00f3n al nuevo entorno y la diversidad cultural del vestuario.<\/p><p class=\"wp-block-paragraph\">&#8220;Todos me recibieron muy bien. Hay una gran diversidad de culturas, muy similar a Europa. Soy una persona que se adapta con mucha facilidad&#8221;, se\u00f1al\u00f3.<\/p><p class=\"wp-block-paragraph\">El croata tambi\u00e9n qued\u00f3 impresionado por la pasi\u00f3n con la que se vive el f\u00fatbol en Porto Alegre y destac\u00f3 especialmente el Gre-Nal, uno de los grandes cl\u00e1sicos del f\u00fatbol brasile\u00f1o.<\/p><p class=\"wp-block-paragraph\">&#8220;Los aficionados aqu\u00ed viven el f\u00fatbol con much\u00edsima intensidad. Es una locura esta pasi\u00f3n. A todo jugador le gusta jugar con el apoyo de los aficionados y ver el esfuerzo que hacen para seguir al equipo. Por eso tenemos que corresponderles y darlo todo en el campo&#8221;, afirm\u00f3.<\/p><p class=\"wp-block-paragraph\">Al hablar sobre su papel dentro del equipo, Krovinovi\u0107 explic\u00f3 que quiere contribuir a organizar el juego, marcar el ritmo y ser \u00fatil tanto con el bal\u00f3n como sin \u00e9l.<\/p><p class=\"wp-block-paragraph\">&#8220;Ante todo, soy un jugador que se entrega hasta el final y que nunca se rinde. Me gusta marcar el ritmo del equipo. Me gusta tener el bal\u00f3n, pero tambi\u00e9n s\u00e9 ayudar cuando no lo tenemos. Tengo que dar seguridad al equipo, distribuir el juego, mantener el equilibrio, jugar hacia adelante, acelerar las jugadas, pero tambi\u00e9n saber cu\u00e1ndo hay que calmarlas. Todo jugador en mi posici\u00f3n debe tener inteligencia y valent\u00eda&#8221;, concluy\u00f3.<\/p><p class=\"wp-block-paragraph\">El vigente campe\u00f3n de la Copa de Brasil es el Corinthians, que conquist\u00f3 el t\u00edtulo en 2025 tras derrotar al Vasco da Gama por 2-1 en la final. Fue el cuarto t\u00edtulo del Corinthians en la historia de la competici\u00f3n.<\/p><p class=\"wp-block-paragraph\"><\/p><div id=\"banner-blog-mobile\" class=\"crola-after-content-2 crola-entity-placement\"><a href=\"https:\/\/wa.me\/5491169138790\" aria-label=\"PRAVOKUTNI TRANSPARENT 1\"><img src=\"https:\/\/crolatam.com\/wp-content\/uploads\/2026\/06\/BANNER-RECTANGULAR-1.jpeg\" alt=\"\"  srcset=\"https:\/\/crolatam.com\/wp-content\/uploads\/2026\/06\/BANNER-RECTANGULAR-1.jpeg 1280w, https:\/\/crolatam.com\/wp-content\/uploads\/2026\/06\/BANNER-RECTANGULAR-1-300x250.jpeg 300w, https:\/\/crolatam.com\/wp-content\/uploads\/2026\/06\/BANNER-RECTANGULAR-1-1024x854.jpeg 1024w, https:\/\/crolatam.com\/wp-content\/uploads\/2026\/06\/BANNER-RECTANGULAR-1-768x641.jpeg 768w, https:\/\/crolatam.com\/wp-content\/uploads\/2026\/06\/BANNER-RECTANGULAR-1-14x12.jpeg 14w, https:\/\/crolatam.com\/wp-content\/uploads\/2026\/06\/BANNER-RECTANGULAR-1-600x501.jpeg 600w\" sizes=\"(max-width: 1280px) 100vw, 1280px\" width=\"1280\" height=\"1068\"   \/><\/a><\/div><div id=\"banner-blog-desktop\" class=\"crola-after-content crola-entity-placement\"><a href=\"https:\/\/wa.me\/5491169138790\" aria-label=\"HORIZONTALNI TRANSPARENT 1 (1)\"><img src=\"https:\/\/crolatam.com\/wp-content\/uploads\/2026\/06\/BANNER-HORIZONTAL-1-1.jpeg\" alt=\"\"  srcset=\"https:\/\/crolatam.com\/wp-content\/uploads\/2026\/06\/BANNER-HORIZONTAL-1-1.jpeg 1280w, https:\/\/crolatam.com\/wp-content\/uploads\/2026\/06\/BANNER-HORIZONTAL-1-1-300x94.jpeg 300w, https:\/\/crolatam.com\/wp-content\/uploads\/2026\/06\/BANNER-HORIZONTAL-1-1-1024x320.jpeg 1024w, https:\/\/crolatam.com\/wp-content\/uploads\/2026\/06\/BANNER-HORIZONTAL-1-1-768x240.jpeg 768w, https:\/\/crolatam.com\/wp-content\/uploads\/2026\/06\/BANNER-HORIZONTAL-1-1-18x6.jpeg 18w, https:\/\/crolatam.com\/wp-content\/uploads\/2026\/06\/BANNER-HORIZONTAL-1-1-600x188.jpeg 600w\" sizes=\"(max-width: 1280px) 100vw, 1280px\" width=\"1280\" height=\"400\"   \/><\/a><\/div>","protected":false},"excerpt":{"rendered":"<p>El futbolista croata ayud\u00f3 a su equipo a derrotar al Internacional por 3-1 en el partido de la Copa de Brasil.<\/p>","protected":false},"author":4,"featured_media":6962,"comment_status":"closed","ping_status":"open","sticky":false,"template":"","format":"standard","meta":{"footnotes":""},"categories":[82,172],"tags":[716,307,756,754,755],"class_list":["post-7440","post","type-post","status-publish","format-standard","has-post-thumbnail","hentry","category-deporte","category-destacadas","tag-brasil","tag-futbol","tag-gremio","tag-krovinovic","tag-krovinovic-2"],"_links":{"self":[{"href":"https:\/\/crolatam.com\/hrv\/wp-json\/wp\/v2\/posts\/7440","targetHints":{"allow":["GET"]}}],"collection":[{"href":"https:\/\/crolatam.com\/hrv\/wp-json\/wp\/v2\/posts"}],"about":[{"href":"https:\/\/crolatam.com\/hrv\/wp-json\/wp\/v2\/types\/post"}],"author":[{"embeddable":true,"href":"https:\/\/crolatam.com\/hrv\/wp-json\/wp\/v2\/users\/4"}],"replies":[{"embeddable":true,"href":"https:\/\/crolatam.com\/hrv\/wp-json\/wp\/v2\/comments?post=7440"}],"version-history":[{"count":2,"href":"https:\/\/crolatam.com\/hrv\/wp-json\/wp\/v2\/posts\/7440\/revisions"}],"predecessor-version":[{"id":7442,"href":"https:\/\/crolatam.com\/hrv\/wp-json\/wp\/v2\/posts\/7440\/revisions\/7442"}],"wp:featuredmedia":[{"embeddable":true,"href":"https:\/\/crolatam.com\/hrv\/wp-json\/wp\/v2\/media\/6962"}],"wp:attachment":[{"href":"https:\/\/crolatam.com\/hrv\/wp-json\/wp\/v2\/media?parent=7440"}],"wp:term":[{"taxonomy":"category","embeddable":true,"href":"https:\/\/crolatam.com\/hrv\/wp-json\/wp\/v2\/categories?post=7440"},{"taxonomy":"post_tag","embeddable":true,"href":"https:\/\/crolatam.com\/hrv\/wp-json\/wp\/v2\/tags?post=7440"}],"curies":[{"name":"radni list","href":"https:\/\/api.w.org\/{rel}","templated":true}]}}