{"id":7443,"date":"2026-09-04T13:09:51","date_gmt":"2026-09-04T13:09:51","guid":{"rendered":"https:\/\/crolatam.com\/?p=7443"},"modified":"2026-09-04T13:14:10","modified_gmt":"2026-09-04T13:14:10","slug":"croacia-derrota-a-la-campeona-de-europa-espana-en-futbol-sala","status":"publish","type":"post","link":"https:\/\/crolatam.com\/hrv\/croacia-derrota-a-la-campeona-de-europa-espana-en-futbol-sala\/","title":{"rendered":"Croacia derrota a la campeona de Europa, Espa\u00f1a, en f\u00fatbol sala"},"content":{"rendered":"<p class=\"wp-block-paragraph\">Espa\u00f1a, campeona de Europa, qued\u00f3 eliminada del Mundial Socca de f\u00fatbol reducido que se disputa en Essen (Alemania), despu\u00e9s de caer ante Croacia por 3-2 en la tanda de penaltis.<\/p><p class=\"wp-block-paragraph\">El encuentro de octavos de final termin\u00f3 1-1 tras el tiempo reglamentario, y la selecci\u00f3n croata se convirti\u00f3 as\u00ed en el primer equipo en asegurar su presencia en los cuartos de final del torneo.<\/p><p class=\"wp-block-paragraph\">La primera parte termin\u00f3 sin goles, pero Espa\u00f1a se adelant\u00f3 en el tercer minuto de la segunda mitad gracias a un tanto de\u00a0Aitor Villar Ruiz.<\/p><p class=\"wp-block-paragraph\">Tras el gol encajado, Croacia dispuso en dos ocasiones de una superioridad num\u00e9rica de dos minutos, aunque no consigui\u00f3 aprovechar ninguna de ellas para igualar el marcador. Los croatas tambi\u00e9n tuvieron que defenderse durante un tramo con un jugador menos y lograron mantener el resultado.<\/p><p class=\"wp-block-paragraph\">El guardameta espa\u00f1ol\u00a0Aimar Mellado\u00a0fue el mejor jugador de su selecci\u00f3n y mantuvo su porter\u00eda imbatida hasta los primeros segundos de la pr\u00f3rroga, una vez cumplidos los 40 minutos reglamentarios. Sin embargo, Croacia no dej\u00f3 de buscar el empate y, en el minuto 41,\u00a0Duje Medak\u00a0desvi\u00f3 con la rodilla al fondo de la red un centro de\u00a0Daniel Sudar\u00a0desde la banda derecha.<\/p><p class=\"wp-block-paragraph\">Con el 1-1, la clasificaci\u00f3n para los cuartos de final tuvo que decidirse mediante una tanda de penaltis, que en este formato de f\u00fatbol reducido se ejecuta de una manera particular: el jugador parte desde la mitad del campo y dispone de diez segundos para marcar.<\/p><p class=\"wp-block-paragraph\">En las dos primeras rondas,\u00a0Daniel Sudar\u00a0y\u00a0Nino Jurjevi\u0107-Ad\u017ei\u0107\u00a0marcaron para Croacia, mientras que el portero\u00a0Teo Klanj\u010di\u0107\u00a0detuvo en la primera ronda el lanzamiento de\u00a0Ander Cape Rodr\u00edguez.<\/p><p class=\"wp-block-paragraph\">Croacia tuvo entonces la oportunidad de cerrar la eliminatoria.\u00a0Borna Vidi\u010dek\u00a0super\u00f3 al guardameta espa\u00f1ol, pero su disparo con la pierna izquierda sali\u00f3 desviado y el bal\u00f3n pas\u00f3 junto al poste.<\/p><p class=\"wp-block-paragraph\">Para Espa\u00f1a, el encargado de lanzar en la tercera ronda fue precisamente\u00a0Aitor Villar Ruiz. Klanj\u010di\u0107 estuvo muy cerca de detener tambi\u00e9n su intento, pero acab\u00f3 derrib\u00e1ndolo. De acuerdo con las reglas de esta modalidad, la acci\u00f3n se contabiliz\u00f3 como gol.<\/p><p class=\"wp-block-paragraph\">El siguiente lanzador croata fue el capit\u00e1n\u00a0Josip Halu\u0161ka, que super\u00f3 al portero espa\u00f1ol\u00a0H\u00e9ctor Casas, quien hab\u00eda entrado espec\u00edficamente para la tanda de penaltis.<\/p><p class=\"wp-block-paragraph\">Espa\u00f1a necesitaba marcar para mantenerse con vida, pero\u00a0Javier Sanmar\u00edn P\u00e9rez\u00a0no pudo superar a Klanj\u010di\u0107. El guardameta croata volvi\u00f3 a aparecer con una gran parada y sell\u00f3 as\u00ed la clasificaci\u00f3n de Croacia para los cuartos de final.<\/p><p class=\"wp-block-paragraph\">El equipo dirigido por\u00a0Dino Kova\u010d\u00a0se enfrentar\u00e1 en la siguiente ronda al ganador del duelo entre\u00a0Om\u00e1n y Grecia.<\/p><p class=\"wp-block-paragraph\">Los cuartos de final y las semifinales se disputar\u00e1n este s\u00e1bado. Croacia jugar\u00e1 su partido de cuartos en el primer turno, a partir de las\u00a010:00 horas (hora de Croacia).<\/p><p class=\"wp-block-paragraph\"><strong>FOTOGRAFIJA:<\/strong> International Socca Federation<\/p><p class=\"wp-block-paragraph\"><\/p><div id=\"banner-blog-mobile\" class=\"crola-after-content-2 crola-entity-placement\"><a href=\"https:\/\/wa.me\/5491169138790\" aria-label=\"PRAVOKUTNI TRANSPARENT 1\"><img src=\"https:\/\/crolatam.com\/wp-content\/uploads\/2026\/06\/BANNER-RECTANGULAR-1.jpeg\" alt=\"\"  srcset=\"https:\/\/crolatam.com\/wp-content\/uploads\/2026\/06\/BANNER-RECTANGULAR-1.jpeg 1280w, https:\/\/crolatam.com\/wp-content\/uploads\/2026\/06\/BANNER-RECTANGULAR-1-300x250.jpeg 300w, https:\/\/crolatam.com\/wp-content\/uploads\/2026\/06\/BANNER-RECTANGULAR-1-1024x854.jpeg 1024w, https:\/\/crolatam.com\/wp-content\/uploads\/2026\/06\/BANNER-RECTANGULAR-1-768x641.jpeg 768w, https:\/\/crolatam.com\/wp-content\/uploads\/2026\/06\/BANNER-RECTANGULAR-1-14x12.jpeg 14w, https:\/\/crolatam.com\/wp-content\/uploads\/2026\/06\/BANNER-RECTANGULAR-1-600x501.jpeg 600w\" sizes=\"(max-width: 1280px) 100vw, 1280px\" width=\"1280\" height=\"1068\"   \/><\/a><\/div><div id=\"banner-blog-desktop\" class=\"crola-after-content crola-entity-placement\"><a href=\"https:\/\/wa.me\/5491169138790\" aria-label=\"HORIZONTALNI TRANSPARENT 1 (1)\"><img src=\"https:\/\/crolatam.com\/wp-content\/uploads\/2026\/06\/BANNER-HORIZONTAL-1-1.jpeg\" alt=\"\"  srcset=\"https:\/\/crolatam.com\/wp-content\/uploads\/2026\/06\/BANNER-HORIZONTAL-1-1.jpeg 1280w, https:\/\/crolatam.com\/wp-content\/uploads\/2026\/06\/BANNER-HORIZONTAL-1-1-300x94.jpeg 300w, https:\/\/crolatam.com\/wp-content\/uploads\/2026\/06\/BANNER-HORIZONTAL-1-1-1024x320.jpeg 1024w, https:\/\/crolatam.com\/wp-content\/uploads\/2026\/06\/BANNER-HORIZONTAL-1-1-768x240.jpeg 768w, https:\/\/crolatam.com\/wp-content\/uploads\/2026\/06\/BANNER-HORIZONTAL-1-1-18x6.jpeg 18w, https:\/\/crolatam.com\/wp-content\/uploads\/2026\/06\/BANNER-HORIZONTAL-1-1-600x188.jpeg 600w\" sizes=\"(max-width: 1280px) 100vw, 1280px\" width=\"1280\" height=\"400\"   \/><\/a><\/div>","protected":false},"excerpt":{"rendered":"<p>Croacia se clasific\u00f3 para los cuartos  del Mundial gracias a una mejor ejecuci\u00f3n de los penaltis.<\/p>","protected":false},"author":4,"featured_media":7445,"comment_status":"closed","ping_status":"open","sticky":false,"template":"","format":"standard","meta":{"footnotes":""},"categories":[82,172],"tags":[92,307,936,446,926],"class_list":["post-7443","post","type-post","status-publish","format-standard","has-post-thumbnail","hentry","category-deporte","category-destacadas","tag-croacia","tag-futbol","tag-futbol-sala","tag-mundial","tag-socca"],"_links":{"self":[{"href":"https:\/\/crolatam.com\/hrv\/wp-json\/wp\/v2\/posts\/7443","targetHints":{"allow":["GET"]}}],"collection":[{"href":"https:\/\/crolatam.com\/hrv\/wp-json\/wp\/v2\/posts"}],"about":[{"href":"https:\/\/crolatam.com\/hrv\/wp-json\/wp\/v2\/types\/post"}],"author":[{"embeddable":true,"href":"https:\/\/crolatam.com\/hrv\/wp-json\/wp\/v2\/users\/4"}],"replies":[{"embeddable":true,"href":"https:\/\/crolatam.com\/hrv\/wp-json\/wp\/v2\/comments?post=7443"}],"version-history":[{"count":2,"href":"https:\/\/crolatam.com\/hrv\/wp-json\/wp\/v2\/posts\/7443\/revisions"}],"predecessor-version":[{"id":7447,"href":"https:\/\/crolatam.com\/hrv\/wp-json\/wp\/v2\/posts\/7443\/revisions\/7447"}],"wp:featuredmedia":[{"embeddable":true,"href":"https:\/\/crolatam.com\/hrv\/wp-json\/wp\/v2\/media\/7445"}],"wp:attachment":[{"href":"https:\/\/crolatam.com\/hrv\/wp-json\/wp\/v2\/media?parent=7443"}],"wp:term":[{"taxonomy":"category","embeddable":true,"href":"https:\/\/crolatam.com\/hrv\/wp-json\/wp\/v2\/categories?post=7443"},{"taxonomy":"post_tag","embeddable":true,"href":"https:\/\/crolatam.com\/hrv\/wp-json\/wp\/v2\/tags?post=7443"}],"curies":[{"name":"radni list","href":"https:\/\/api.w.org\/{rel}","templated":true}]}}