{"id":7448,"date":"2026-09-04T13:46:08","date_gmt":"2026-09-04T13:46:08","guid":{"rendered":"https:\/\/crolatam.com\/?p=7448"},"modified":"2026-09-04T14:39:45","modified_gmt":"2026-09-04T14:39:45","slug":"miles-de-personas-llegan-a-zagreb-por-el-escandalo-de-los-residuos-ilegales-en-lika","status":"publish","type":"post","link":"https:\/\/crolatam.com\/hrv\/miles-de-personas-llegan-a-zagreb-por-el-escandalo-de-los-residuos-ilegales-en-lika\/","title":{"rendered":"Miles de personas llegan a Zagreb por el esc\u00e1ndalo de los residuos ilegales en Lika"},"content":{"rendered":"<p class=\"wp-block-paragraph\">Zagreb acoger\u00e1 este s\u00e1bado, 5 de septiembre, una protesta denominada &#8220;Camina por Lika, camina por Croacia&#8221;, con la que sus organizadores quieren llamar la atenci\u00f3n sobre el problema de decenas de miles de toneladas de residuos depositados ilegalmente en los alrededores de Gospi\u0107.<\/p><p class=\"wp-block-paragraph\">Gospi\u0107 se encuentra en Lika, una regi\u00f3n monta\u00f1osa y escasamente poblada del centro de Croacia, conocida por su naturaleza preservada, sus bosques y sus monta\u00f1as. Lika es una de las principales regiones naturales del pa\u00eds y alberga, adem\u00e1s, algunas de las zonas naturales m\u00e1s conocidas de Croacia y sus alrededores.<\/p><p class=\"wp-block-paragraph\">Seg\u00fan la investigaci\u00f3n y la documentaci\u00f3n disponible, en el antiguo complejo de PPK Velebit, en Gospi\u0107 hay alrededor de 33.000 toneladas de residuos enterrados, mientras que la cantidad total de residuos acumulados en el lugar alcanza unas 45.000 toneladas.<\/p><p class=\"wp-block-paragraph\">Parte de estos residuos fue importada desde Italia y Eslovenia entre 2022 y 2024.<\/p><p class=\"wp-block-paragraph\">Precisamente por el posible impacto de los residuos ilegales sobre el medio ambiente, el suelo y las aguas subterr\u00e1neas, la iniciativa ciudadana &#8220;Gospi\u0107 es nuestro hogar&#8221; organiza la protesta en la capital croata. La concentraci\u00f3n comenzar\u00e1 a las 11:00 horas en la plaza del rey Tomislav, desde donde los participantes iniciar\u00e1n una marcha pac\u00edfica hacia la plaza Ban Josip Jela\u010di\u0107, donde a mediod\u00eda est\u00e1 previsto el acto central.<\/p><p class=\"wp-block-paragraph\">Los organizadores exigen la rehabilitaci\u00f3n urgente y completa de los lugares contaminados, que se establezcan responsabilidades por el dep\u00f3sito de los residuos y que se fijen plazos claros para su retirada. Advierten de que el problema representa una amenaza para la salud de la poblaci\u00f3n y el ecosistema de Lika.<\/p><p class=\"wp-block-paragraph\">Se espera una gran afluencia de manifestantes procedentes de todo el pa\u00eds. Seg\u00fan los organizadores, al menos siete autobuses partir\u00e1n de Lika hacia Zagreb, mientras que otros ciudadanos viajar\u00e1n en sus propios veh\u00edculos. Tambi\u00e9n se han anunciado grupos procedentes de otras partes de Croacia.<\/p><p class=\"wp-block-paragraph\">&#8220;Venimos desde Rijeka en coche. Cuantos m\u00e1s seamos, m\u00e1s fuertes seremos&#8221;, dijo a CroLatam un residente de 50 a\u00f1os de Rijeka, una ciudad situada en la costa del mar Adri\u00e1tico.<\/p><p class=\"wp-block-paragraph\">Ante el n\u00famero previsto de participantes, varios medios croatas ya se\u00f1alan que la protesta podr\u00eda convertirse en una de las mayores de la historia reciente del pa\u00eds. El presidente del opositor partido Most, Nikola Grmoja, ha llegado a afirmar que podr\u00eda convertirse incluso en la protesta m\u00e1s multitudinaria de la historia de Croacia. Se trata, no obstante, de estimaciones realizadas antes de la celebraci\u00f3n de la manifestaci\u00f3n.<\/p><p class=\"wp-block-paragraph\">Vjekoslav Bu\u0161i\u0107, representante de la iniciativa &#8220;Gospi\u0107 es nuestro hogar&#8221;, afirm\u00f3 que la protesta cuenta con apoyo en todo el pa\u00eds y que los organizadores esperan una gran participaci\u00f3n.<\/p><p class=\"wp-block-paragraph\">La protesta tambi\u00e9n ha provocado fuertes reacciones pol\u00edticas. Los partidos de la oposici\u00f3n y parte de las organizaciones ciudadanas critican al Gobierno por su gesti\u00f3n del caso de los residuos depositados ilegalmente, mientras que el Ejecutivo del primer ministro Andrej Plenkovi\u0107 sostiene que el problema est\u00e1 siendo abordado mediante un proceso de rehabilitaci\u00f3n y limpieza.<\/p><p class=\"wp-block-paragraph\">Plenkovi\u0107 afirm\u00f3 anteriormente que ni \u00e9l ni sus ministros participar\u00e1n en la protesta y se\u00f1al\u00f3 que el Gobierno se ocupa de resolver el problema. El Ejecutivo tambi\u00e9n sostiene que los an\u00e1lisis realizados hasta ahora indican que el agua de la red p\u00fablica de abastecimiento es segura.<\/p><p class=\"wp-block-paragraph\">La iniciativa ciudadana &#8220;Gospi\u0107 es nuestro hogar&#8221; que sostiene que ninguna formaci\u00f3n pol\u00edtica est\u00e1 detr\u00e1s de la convocatoria. En los \u00faltimos d\u00edas, diferentes asociaciones, veteranos de guerra y figuras p\u00fablicas han expresado p\u00fablicamente su apoyo a la protesta.<\/p><p class=\"wp-block-paragraph\">La Polic\u00eda de Zagreb anunci\u00f3 que durante la concentraci\u00f3n realizar\u00e1 grabaciones audiovisuales del lugar de la protesta, del recorrido de la marcha y de las v\u00edas de acceso.<\/p><p class=\"wp-block-paragraph\">Con la protesta en Zagreb, los organizadores quieren enviar el mensaje de que el problema de Lika no es \u00fanicamente una cuesti\u00f3n local de Gospi\u0107, sino un asunto de protecci\u00f3n del medio ambiente y de la salud p\u00fablica que afecta a toda Croacia.<\/p><figure class=\"wp-block-image size-full\"><img fetchpriority=\"high\" decoding=\"async\" width=\"622\" height=\"350\" src=\"https:\/\/crolatam.com\/wp-content\/uploads\/2026\/09\/Zagreb-Lika.webp\" alt=\"\" class=\"wp-image-7454\" srcset=\"https:\/\/crolatam.com\/wp-content\/uploads\/2026\/09\/Zagreb-Lika.webp 622w, https:\/\/crolatam.com\/wp-content\/uploads\/2026\/09\/Zagreb-Lika-300x169.webp 300w, https:\/\/crolatam.com\/wp-content\/uploads\/2026\/09\/Zagreb-Lika-18x10.webp 18w, https:\/\/crolatam.com\/wp-content\/uploads\/2026\/09\/Zagreb-Lika-599x337.webp 599w\" sizes=\"(max-width: 622px) 100vw, 622px\" \/><\/figure><p class=\"wp-block-paragraph\"><strong>Grafiti en Zagreb: &#8220;Lika no puede caer<\/strong>&#8220;<\/p><p class=\"wp-block-paragraph\"><strong>FOTOGRAFIJE:<\/strong> Pixsell<\/p><div id=\"banner-blog-mobile\" class=\"crola-after-content-2 crola-entity-placement\"><a href=\"https:\/\/wa.me\/5491169138790\" aria-label=\"PRAVOKUTNI TRANSPARENT 1\"><img src=\"https:\/\/crolatam.com\/wp-content\/uploads\/2026\/06\/BANNER-RECTANGULAR-1.jpeg\" alt=\"\"  srcset=\"https:\/\/crolatam.com\/wp-content\/uploads\/2026\/06\/BANNER-RECTANGULAR-1.jpeg 1280w, https:\/\/crolatam.com\/wp-content\/uploads\/2026\/06\/BANNER-RECTANGULAR-1-300x250.jpeg 300w, https:\/\/crolatam.com\/wp-content\/uploads\/2026\/06\/BANNER-RECTANGULAR-1-1024x854.jpeg 1024w, https:\/\/crolatam.com\/wp-content\/uploads\/2026\/06\/BANNER-RECTANGULAR-1-768x641.jpeg 768w, https:\/\/crolatam.com\/wp-content\/uploads\/2026\/06\/BANNER-RECTANGULAR-1-14x12.jpeg 14w, https:\/\/crolatam.com\/wp-content\/uploads\/2026\/06\/BANNER-RECTANGULAR-1-600x501.jpeg 600w\" sizes=\"(max-width: 1280px) 100vw, 1280px\" width=\"1280\" height=\"1068\"   \/><\/a><\/div><div id=\"banner-blog-desktop\" class=\"crola-after-content crola-entity-placement\"><a href=\"https:\/\/wa.me\/5491169138790\" aria-label=\"HORIZONTALNI TRANSPARENT 1 (1)\"><img src=\"https:\/\/crolatam.com\/wp-content\/uploads\/2026\/06\/BANNER-HORIZONTAL-1-1.jpeg\" alt=\"\"  srcset=\"https:\/\/crolatam.com\/wp-content\/uploads\/2026\/06\/BANNER-HORIZONTAL-1-1.jpeg 1280w, https:\/\/crolatam.com\/wp-content\/uploads\/2026\/06\/BANNER-HORIZONTAL-1-1-300x94.jpeg 300w, https:\/\/crolatam.com\/wp-content\/uploads\/2026\/06\/BANNER-HORIZONTAL-1-1-1024x320.jpeg 1024w, https:\/\/crolatam.com\/wp-content\/uploads\/2026\/06\/BANNER-HORIZONTAL-1-1-768x240.jpeg 768w, https:\/\/crolatam.com\/wp-content\/uploads\/2026\/06\/BANNER-HORIZONTAL-1-1-18x6.jpeg 18w, https:\/\/crolatam.com\/wp-content\/uploads\/2026\/06\/BANNER-HORIZONTAL-1-1-600x188.jpeg 600w\" sizes=\"(max-width: 1280px) 100vw, 1280px\" width=\"1280\" height=\"400\"   \/><\/a><\/div>","protected":false},"excerpt":{"rendered":"<p>Residuos importados de Italia y Eslovenia generan preocupaci\u00f3n por el medio ambiente y las aguas subterr\u00e1neas.<\/p>","protected":false},"author":4,"featured_media":7449,"comment_status":"closed","ping_status":"open","sticky":false,"template":"","format":"standard","meta":{"footnotes":""},"categories":[172,362,78],"tags":[92,937,839,775,758,798,938,853,799],"class_list":["post-7448","post","type-post","status-publish","format-standard","has-post-thumbnail","hentry","category-destacadas","category-justicia","category-politica-y-diplomacia","tag-croacia","tag-escandalo-2","tag-eslovenia","tag-italia","tag-lika","tag-naturaleza","tag-protesta","tag-residuos","tag-residuos-peligrosos"],"_links":{"self":[{"href":"https:\/\/crolatam.com\/hrv\/wp-json\/wp\/v2\/posts\/7448","targetHints":{"allow":["GET"]}}],"collection":[{"href":"https:\/\/crolatam.com\/hrv\/wp-json\/wp\/v2\/posts"}],"about":[{"href":"https:\/\/crolatam.com\/hrv\/wp-json\/wp\/v2\/types\/post"}],"author":[{"embeddable":true,"href":"https:\/\/crolatam.com\/hrv\/wp-json\/wp\/v2\/users\/4"}],"replies":[{"embeddable":true,"href":"https:\/\/crolatam.com\/hrv\/wp-json\/wp\/v2\/comments?post=7448"}],"version-history":[{"count":5,"href":"https:\/\/crolatam.com\/hrv\/wp-json\/wp\/v2\/posts\/7448\/revisions"}],"predecessor-version":[{"id":7457,"href":"https:\/\/crolatam.com\/hrv\/wp-json\/wp\/v2\/posts\/7448\/revisions\/7457"}],"wp:featuredmedia":[{"embeddable":true,"href":"https:\/\/crolatam.com\/hrv\/wp-json\/wp\/v2\/media\/7449"}],"wp:attachment":[{"href":"https:\/\/crolatam.com\/hrv\/wp-json\/wp\/v2\/media?parent=7448"}],"wp:term":[{"taxonomy":"category","embeddable":true,"href":"https:\/\/crolatam.com\/hrv\/wp-json\/wp\/v2\/categories?post=7448"},{"taxonomy":"post_tag","embeddable":true,"href":"https:\/\/crolatam.com\/hrv\/wp-json\/wp\/v2\/tags?post=7448"}],"curies":[{"name":"radni list","href":"https:\/\/api.w.org\/{rel}","templated":true}]}}