{"id":7461,"date":"2026-09-04T16:14:31","date_gmt":"2026-09-04T16:14:31","guid":{"rendered":"https:\/\/crolatam.com\/?p=7461"},"modified":"2026-09-04T16:52:47","modified_gmt":"2026-09-04T16:52:47","slug":"vanessa-kraljevic-raices-croatas-rumbo-a-miss-mundo","status":"publish","type":"post","link":"https:\/\/crolatam.com\/hrv\/vanessa-kraljevic-raices-croatas-rumbo-a-miss-mundo\/","title":{"rendered":"Vanessa Kraljevic, ra\u00edces croatas rumbo a Miss Mundo"},"content":{"rendered":"<p class=\"wp-block-paragraph\">El concurso de Miss Mundo se celebrar\u00e1 este s\u00e1bado en Vietnam, y Bolivia estar\u00e1 representada por Vanessa Kraljevic, una joven de 24 a\u00f1os de ra\u00edces croatas que llega al certamen con un mensaje sobre la importancia de la educaci\u00f3n y un proyecto social destinado a ayudar a ni\u00f1os y j\u00f3venes.<\/p><p class=\"wp-block-paragraph\">Kraljevic naci\u00f3 en Santa Cruz de Bolivia y se gradu\u00f3 en Derecho en el King\u2019s College de Londres, seg\u00fan se\u00f1ala el sitio web oficial de Miss World. Habla espa\u00f1ol, ingl\u00e9s e italiano, y entre sus intereses se encuentran la escritura, la oratoria, el canto, el tenis y explorar diferentes culturas.<\/p><p class=\"wp-block-paragraph\">Sus bisabuelos, Petar Kraljevi\u0107 y Marija Jakir, originarios de Pu\u010di\u0161\u0107a, en la isla croata de Bra\u010d, emigraron a Bolivia a comienzos del siglo XX, inform\u00f3 &#8220;La Voz de Croacia&#8221;. Primero se establecieron en una zona minera cercana a Potos\u00ed y posteriormente se trasladaron a Cochabamba, donde finalmente se asent\u00f3 la familia.<\/p><p class=\"wp-block-paragraph\">En Cochabamba naci\u00f3 tambi\u00e9n su nieto Boris Kraljevi\u0107, padre de Vanessa, quien falleci\u00f3 cuando ella todav\u00eda era muy peque\u00f1a.<\/p><p class=\"wp-block-paragraph\">&#8220;Me criaron mi abuela y mi madre, dos mujeres que fueron verdaderas luchadoras&#8221;, afirm\u00f3 Kraljevic. De ellas aprendi\u00f3 que el trabajo y la educaci\u00f3n pueden permitir a una persona alcanzar la independencia y construir un futuro mejor.<\/p><p class=\"wp-block-paragraph\">La representante de Bolivia fund\u00f3 el proyecto &#8220;El derecho a una educaci\u00f3n adecuada&#8221;, desarrollado mediante una alianza entre la organizaci\u00f3n Aldeas Infantiles SOS Bolivia y la empresa tecnol\u00f3gica Wonderly.<\/p><p class=\"wp-block-paragraph\">&#8220;Gracias a este proyecto, 400 ni\u00f1os y adolescentes dar\u00e1n sus primeros pasos en el mundo de la tecnolog\u00eda&#8221;, se\u00f1al\u00f3 el sitio web MissWorld.com en diciembre de 2025.<\/p><p class=\"wp-block-paragraph\">El programa est\u00e1 orientado al aprendizaje de programaci\u00f3n, inteligencia artificial y prevenci\u00f3n de la violencia digital, al tiempo que fomenta la curiosidad y el aprendizaje a largo plazo.<\/p><p class=\"wp-block-paragraph\">La iniciativa tambi\u00e9n incluye la donaci\u00f3n de 20.000 becas para formaci\u00f3n en tecnolog\u00eda, financiadas por Wonderly, y se suma al trabajo que Aldeas Infantiles SOS Bolivia lleva realizando desde hace a\u00f1os para proteger y apoyar a ni\u00f1os en situaci\u00f3n de vulnerabilidad.<\/p><p class=\"wp-block-paragraph\">Para Kraljevic, la educaci\u00f3n no est\u00e1 necesariamente vinculada \u00fanicamente a la obtenci\u00f3n de un t\u00edtulo universitario, sino sobre todo a los conocimientos y las habilidades que permiten alcanzar la independencia econ\u00f3mica y desenvolverse en la vida.<\/p><p class=\"wp-block-paragraph\">&#8220;Cuando hablo de educaci\u00f3n, no me refiero necesariamente a un t\u00edtulo universitario. Me refiero a adquirir las habilidades y los conocimientos adecuados para alcanzar la independencia econ\u00f3mica y desenvolverse en el mundo&#8221;, afirm\u00f3.<\/p><p class=\"wp-block-paragraph\">&#8220;Nuestro valor reside en el conocimiento que poseemos \u2014algo que nadie puede quitarnos\u2014 y en lo que decidimos hacer con \u00e9l&#8221;, se\u00f1al\u00f3 Kraljevic.<\/p><p class=\"wp-block-paragraph\">En Bolivia viven alrededor de 5.000 croatas y descendientes de croatas, seg\u00fan datos de la Oficina para los Croatas fuera de Croacia, con sede en Zagreb.<\/p><figure class=\"wp-block-image size-full\"><img fetchpriority=\"high\" decoding=\"async\" width=\"700\" height=\"887\" src=\"https:\/\/crolatam.com\/wp-content\/uploads\/2026\/09\/Vanessa-Kraljevic-1.webp\" alt=\"\" class=\"wp-image-7465\" srcset=\"https:\/\/crolatam.com\/wp-content\/uploads\/2026\/09\/Vanessa-Kraljevic-1.webp 700w, https:\/\/crolatam.com\/wp-content\/uploads\/2026\/09\/Vanessa-Kraljevic-1-237x300.webp 237w, https:\/\/crolatam.com\/wp-content\/uploads\/2026\/09\/Vanessa-Kraljevic-1-9x12.webp 9w, https:\/\/crolatam.com\/wp-content\/uploads\/2026\/09\/Vanessa-Kraljevic-1-600x760.webp 600w\" sizes=\"(max-width: 700px) 100vw, 700px\" \/><\/figure><figure class=\"wp-block-image size-full\"><img decoding=\"async\" width=\"700\" height=\"902\" src=\"https:\/\/crolatam.com\/wp-content\/uploads\/2026\/09\/Vanessa-Kraljevic-Miss-1.webp\" alt=\"\" class=\"wp-image-7468\" srcset=\"https:\/\/crolatam.com\/wp-content\/uploads\/2026\/09\/Vanessa-Kraljevic-Miss-1.webp 700w, https:\/\/crolatam.com\/wp-content\/uploads\/2026\/09\/Vanessa-Kraljevic-Miss-1-233x300.webp 233w, https:\/\/crolatam.com\/wp-content\/uploads\/2026\/09\/Vanessa-Kraljevic-Miss-1-9x12.webp 9w, https:\/\/crolatam.com\/wp-content\/uploads\/2026\/09\/Vanessa-Kraljevic-Miss-1-600x773.webp 600w\" sizes=\"(max-width: 700px) 100vw, 700px\" \/><\/figure><p class=\"wp-block-paragraph\"><strong>FOTOGRAFIJA:<\/strong> Miss World<\/p><div id=\"banner-blog-mobile\" class=\"crola-after-content-2 crola-entity-placement\"><a href=\"https:\/\/wa.me\/5491169138790\" aria-label=\"PRAVOKUTNI TRANSPARENT 1\"><img src=\"https:\/\/crolatam.com\/wp-content\/uploads\/2026\/06\/BANNER-RECTANGULAR-1.jpeg\" alt=\"\"  srcset=\"https:\/\/crolatam.com\/wp-content\/uploads\/2026\/06\/BANNER-RECTANGULAR-1.jpeg 1280w, https:\/\/crolatam.com\/wp-content\/uploads\/2026\/06\/BANNER-RECTANGULAR-1-300x250.jpeg 300w, https:\/\/crolatam.com\/wp-content\/uploads\/2026\/06\/BANNER-RECTANGULAR-1-1024x854.jpeg 1024w, https:\/\/crolatam.com\/wp-content\/uploads\/2026\/06\/BANNER-RECTANGULAR-1-768x641.jpeg 768w, https:\/\/crolatam.com\/wp-content\/uploads\/2026\/06\/BANNER-RECTANGULAR-1-14x12.jpeg 14w, https:\/\/crolatam.com\/wp-content\/uploads\/2026\/06\/BANNER-RECTANGULAR-1-600x501.jpeg 600w\" sizes=\"(max-width: 1280px) 100vw, 1280px\" width=\"1280\" height=\"1068\"   \/><\/a><\/div><div id=\"banner-blog-desktop\" class=\"crola-after-content crola-entity-placement\"><a href=\"https:\/\/wa.me\/5491169138790\" aria-label=\"HORIZONTALNI TRANSPARENT 1 (1)\"><img src=\"https:\/\/crolatam.com\/wp-content\/uploads\/2026\/06\/BANNER-HORIZONTAL-1-1.jpeg\" alt=\"\"  srcset=\"https:\/\/crolatam.com\/wp-content\/uploads\/2026\/06\/BANNER-HORIZONTAL-1-1.jpeg 1280w, https:\/\/crolatam.com\/wp-content\/uploads\/2026\/06\/BANNER-HORIZONTAL-1-1-300x94.jpeg 300w, https:\/\/crolatam.com\/wp-content\/uploads\/2026\/06\/BANNER-HORIZONTAL-1-1-1024x320.jpeg 1024w, https:\/\/crolatam.com\/wp-content\/uploads\/2026\/06\/BANNER-HORIZONTAL-1-1-768x240.jpeg 768w, https:\/\/crolatam.com\/wp-content\/uploads\/2026\/06\/BANNER-HORIZONTAL-1-1-18x6.jpeg 18w, https:\/\/crolatam.com\/wp-content\/uploads\/2026\/06\/BANNER-HORIZONTAL-1-1-600x188.jpeg 600w\" sizes=\"(max-width: 1280px) 100vw, 1280px\" width=\"1280\" height=\"400\"   \/><\/a><\/div>","protected":false},"excerpt":{"rendered":"<p>Sus bisabuelos, Petar Kraljevi\u0107 y Marija Jakir, originarios de Pu\u010di\u0161\u0107a, en la isla croata de Bra\u010d, emigraron a Bolivia.<\/p>","protected":false},"author":4,"featured_media":7467,"comment_status":"closed","ping_status":"open","sticky":false,"template":"","format":"standard","meta":{"footnotes":""},"categories":[172,167,84],"tags":[404,941,940,939,156],"class_list":["post-7461","post","type-post","status-publish","format-standard","has-post-thumbnail","hentry","category-destacadas","category-migracion","category-migracion-y-diaspora","tag-bolivia","tag-educacion-2","tag-kraljevic","tag-miss-mundo","tag-mujeres"],"_links":{"self":[{"href":"https:\/\/crolatam.com\/hrv\/wp-json\/wp\/v2\/posts\/7461","targetHints":{"allow":["GET"]}}],"collection":[{"href":"https:\/\/crolatam.com\/hrv\/wp-json\/wp\/v2\/posts"}],"about":[{"href":"https:\/\/crolatam.com\/hrv\/wp-json\/wp\/v2\/types\/post"}],"author":[{"embeddable":true,"href":"https:\/\/crolatam.com\/hrv\/wp-json\/wp\/v2\/users\/4"}],"replies":[{"embeddable":true,"href":"https:\/\/crolatam.com\/hrv\/wp-json\/wp\/v2\/comments?post=7461"}],"version-history":[{"count":4,"href":"https:\/\/crolatam.com\/hrv\/wp-json\/wp\/v2\/posts\/7461\/revisions"}],"predecessor-version":[{"id":7472,"href":"https:\/\/crolatam.com\/hrv\/wp-json\/wp\/v2\/posts\/7461\/revisions\/7472"}],"wp:featuredmedia":[{"embeddable":true,"href":"https:\/\/crolatam.com\/hrv\/wp-json\/wp\/v2\/media\/7467"}],"wp:attachment":[{"href":"https:\/\/crolatam.com\/hrv\/wp-json\/wp\/v2\/media?parent=7461"}],"wp:term":[{"taxonomy":"category","embeddable":true,"href":"https:\/\/crolatam.com\/hrv\/wp-json\/wp\/v2\/categories?post=7461"},{"taxonomy":"post_tag","embeddable":true,"href":"https:\/\/crolatam.com\/hrv\/wp-json\/wp\/v2\/tags?post=7461"}],"curies":[{"name":"radni list","href":"https:\/\/api.w.org\/{rel}","templated":true}]}}