{"id":7481,"date":"2026-09-05T21:58:09","date_gmt":"2026-09-05T21:58:09","guid":{"rendered":"https:\/\/crolatam.com\/?p=7481"},"modified":"2026-09-05T21:58:11","modified_gmt":"2026-09-05T21:58:11","slug":"republica-dominicana-gana-miss-world","status":"publish","type":"post","link":"https:\/\/crolatam.com\/hrv\/republica-dominicana-gana-miss-world\/","title":{"rendered":"Rep\u00fablica Dominicana gana Miss World"},"content":{"rendered":"<p class=\"wp-block-paragraph\">La dominicana Joheirry Mola Dom\u00ednguez fue coronada este s\u00e1bado Miss World 2026 en la ciudad vietnamita de Nha Trang, en la 73.\u00aa edici\u00f3n del certamen, que reuni\u00f3 a 111 candidatas de pa\u00edses y territorios de todo el mundo. Espa\u00f1a obtuvo el segundo lugar y Malasia termin\u00f3 tercera.<\/p><p class=\"wp-block-paragraph\">Mola, de 24 a\u00f1os, es modelo, profesora y comunicadora. Es licenciada en Administraci\u00f3n y Direcci\u00f3n de Empresas por la Universidad Iberoamericana de Santo Domingo y trabaja como profesora de Literatura y Estudios Sociales. Tambi\u00e9n se desempe\u00f1a como corresponsal de Univision Nueva York y fund\u00f3 &#8220;Voices of Tomorrow&#8221;, una iniciativa dedicada a ampliar las oportunidades educativas para ni\u00f1os y j\u00f3venes de comunidades vulnerables.<\/p><p class=\"wp-block-paragraph\">Con su triunfo, Rep\u00fablica Dominicana consigui\u00f3 por segunda vez la corona de Miss World, despu\u00e9s de su primera victoria en 1982. La espa\u00f1ola Elisabeth Reyn\u00e9s Alabern fue primera finalista, mientras que la representante de Malasia, Taanusiya Chetty, termin\u00f3 como segunda finalista.<\/p><p class=\"wp-block-paragraph\">Croacia estuvo representada por Ema Helena Vi\u010dar, de 23 a\u00f1os, originaria de Zagreb y ganadora de Miss Croacia. Vi\u010dar no logr\u00f3 avanzar al Top 40 de la competici\u00f3n. Durante su participaci\u00f3n present\u00f3 el proyecto &#8220;Blue Planet: A Purpose for Life&#8221;, centrado en crear conciencia sobre la amenaza que representan las redes de pesca abandonadas para los ecosistemas marinos.<\/p><p class=\"wp-block-paragraph\">Bolivia estuvo representada por Vanessa Kraljevic, de 24 a\u00f1os y ra\u00edces croatas, quien tampoco consigui\u00f3 clasificarse entre las 40 semifinalistas. Nacida en Santa Cruz de la Sierra estudi\u00f3 en King&#8217;s College London y desarroll\u00f3 como principal proyecto social una iniciativa destinada a ampliar el acceso a la educaci\u00f3n para ni\u00f1os y j\u00f3venes en situaci\u00f3n vulnerable.<\/p><p class=\"wp-block-paragraph\">Sus bisabuelos, Petar Kraljevi\u0107 y Marija Jakir, proced\u00edan de la isla croata de Bra\u010d y emigraron a Bolivia a comienzos del siglo XX. La familia se estableci\u00f3 posteriormente en Cochabamba, donde naci\u00f3 el padre de Vanessa.<\/p><p class=\"wp-block-paragraph\">La edici\u00f3n de 2026 se celebr\u00f3 en Nha Trang como parte de las celebraciones por los 75 a\u00f1os de Miss World. El certamen comenz\u00f3 con una selecci\u00f3n de 40 semifinalistas y continu\u00f3 con las rondas de Top 20, Top 12 y Top 6, antes de que el jurado eligiera a la nueva reina mundial.<\/p><figure class=\"wp-block-image size-full\"><img fetchpriority=\"high\" decoding=\"async\" width=\"1920\" height=\"824\" src=\"https:\/\/crolatam.com\/wp-content\/uploads\/2026\/09\/Vanessa-Boliva.webp\" alt=\"\" class=\"wp-image-7484\" srcset=\"https:\/\/crolatam.com\/wp-content\/uploads\/2026\/09\/Vanessa-Boliva.webp 1920w, https:\/\/crolatam.com\/wp-content\/uploads\/2026\/09\/Vanessa-Boliva-300x129.webp 300w, https:\/\/crolatam.com\/wp-content\/uploads\/2026\/09\/Vanessa-Boliva-767x329.webp 767w, https:\/\/crolatam.com\/wp-content\/uploads\/2026\/09\/Vanessa-Boliva-1024x439.webp 1024w, https:\/\/crolatam.com\/wp-content\/uploads\/2026\/09\/Vanessa-Boliva-1536x659.webp 1536w, https:\/\/crolatam.com\/wp-content\/uploads\/2026\/09\/Vanessa-Boliva-18x8.webp 18w, https:\/\/crolatam.com\/wp-content\/uploads\/2026\/09\/Vanessa-Boliva-599x257.webp 599w\" sizes=\"(max-width: 1920px) 100vw, 1920px\" \/><\/figure><p class=\"wp-block-paragraph\">Vanessa Kraljevic, Miss Bolivia<\/p><figure class=\"wp-block-image size-large\"><img decoding=\"async\" width=\"1024\" height=\"439\" src=\"https:\/\/crolatam.com\/wp-content\/uploads\/2026\/09\/Miss-Croatia-1024x439.webp\" alt=\"\" class=\"wp-image-7485\" srcset=\"https:\/\/crolatam.com\/wp-content\/uploads\/2026\/09\/Miss-Croatia-1024x439.webp 1024w, https:\/\/crolatam.com\/wp-content\/uploads\/2026\/09\/Miss-Croatia-300x129.webp 300w, https:\/\/crolatam.com\/wp-content\/uploads\/2026\/09\/Miss-Croatia-767x329.webp 767w, https:\/\/crolatam.com\/wp-content\/uploads\/2026\/09\/Miss-Croatia-18x8.webp 18w, https:\/\/crolatam.com\/wp-content\/uploads\/2026\/09\/Miss-Croatia-1536x659.webp 1536w, https:\/\/crolatam.com\/wp-content\/uploads\/2026\/09\/Miss-Croatia-599x257.webp 599w, https:\/\/crolatam.com\/wp-content\/uploads\/2026\/09\/Miss-Croatia.webp 1920w\" sizes=\"(max-width: 1024px) 100vw, 1024px\" \/><\/figure><p class=\"wp-block-paragraph\">Ema Helena Vi\u010dar, Miss Croacia<\/p><p class=\"wp-block-paragraph\"><\/p><figure class=\"wp-block-image size-large\"><img decoding=\"async\" width=\"1024\" height=\"439\" src=\"https:\/\/crolatam.com\/wp-content\/uploads\/2026\/09\/Miss-Republica-Dominicana-1024x439.webp\" alt=\"\" class=\"wp-image-7486\" srcset=\"https:\/\/crolatam.com\/wp-content\/uploads\/2026\/09\/Miss-Republica-Dominicana-1024x439.webp 1024w, https:\/\/crolatam.com\/wp-content\/uploads\/2026\/09\/Miss-Republica-Dominicana-300x129.webp 300w, https:\/\/crolatam.com\/wp-content\/uploads\/2026\/09\/Miss-Republica-Dominicana-767x329.webp 767w, https:\/\/crolatam.com\/wp-content\/uploads\/2026\/09\/Miss-Republica-Dominicana-1536x659.webp 1536w, https:\/\/crolatam.com\/wp-content\/uploads\/2026\/09\/Miss-Republica-Dominicana-18x8.webp 18w, https:\/\/crolatam.com\/wp-content\/uploads\/2026\/09\/Miss-Republica-Dominicana-599x257.webp 599w, https:\/\/crolatam.com\/wp-content\/uploads\/2026\/09\/Miss-Republica-Dominicana.webp 1920w\" sizes=\"(max-width: 1024px) 100vw, 1024px\" \/><\/figure><p class=\"wp-block-paragraph\">Joheirry Mola Dom\u00ednguez, Miss Rep\u00fablica Dominicana<\/p><p class=\"wp-block-paragraph\"><strong>FOTOGRAFIJE:<\/strong> China Daily, Miss World<\/p><p class=\"wp-block-paragraph\"><\/p><div id=\"banner-blog-mobile\" class=\"crola-after-content-2 crola-entity-placement\"><a href=\"https:\/\/wa.me\/5491169138790\" aria-label=\"PRAVOKUTNI TRANSPARENT 1\"><img src=\"https:\/\/crolatam.com\/wp-content\/uploads\/2026\/06\/BANNER-RECTANGULAR-1.jpeg\" alt=\"\"  srcset=\"https:\/\/crolatam.com\/wp-content\/uploads\/2026\/06\/BANNER-RECTANGULAR-1.jpeg 1280w, https:\/\/crolatam.com\/wp-content\/uploads\/2026\/06\/BANNER-RECTANGULAR-1-300x250.jpeg 300w, https:\/\/crolatam.com\/wp-content\/uploads\/2026\/06\/BANNER-RECTANGULAR-1-1024x854.jpeg 1024w, https:\/\/crolatam.com\/wp-content\/uploads\/2026\/06\/BANNER-RECTANGULAR-1-768x641.jpeg 768w, https:\/\/crolatam.com\/wp-content\/uploads\/2026\/06\/BANNER-RECTANGULAR-1-14x12.jpeg 14w, https:\/\/crolatam.com\/wp-content\/uploads\/2026\/06\/BANNER-RECTANGULAR-1-600x501.jpeg 600w\" sizes=\"(max-width: 1280px) 100vw, 1280px\" width=\"1280\" height=\"1068\"   \/><\/a><\/div><div id=\"banner-blog-desktop\" class=\"crola-after-content crola-entity-placement\"><a href=\"https:\/\/wa.me\/5491169138790\" aria-label=\"HORIZONTALNI TRANSPARENT 1 (1)\"><img src=\"https:\/\/crolatam.com\/wp-content\/uploads\/2026\/06\/BANNER-HORIZONTAL-1-1.jpeg\" alt=\"\"  srcset=\"https:\/\/crolatam.com\/wp-content\/uploads\/2026\/06\/BANNER-HORIZONTAL-1-1.jpeg 1280w, https:\/\/crolatam.com\/wp-content\/uploads\/2026\/06\/BANNER-HORIZONTAL-1-1-300x94.jpeg 300w, https:\/\/crolatam.com\/wp-content\/uploads\/2026\/06\/BANNER-HORIZONTAL-1-1-1024x320.jpeg 1024w, https:\/\/crolatam.com\/wp-content\/uploads\/2026\/06\/BANNER-HORIZONTAL-1-1-768x240.jpeg 768w, https:\/\/crolatam.com\/wp-content\/uploads\/2026\/06\/BANNER-HORIZONTAL-1-1-18x6.jpeg 18w, https:\/\/crolatam.com\/wp-content\/uploads\/2026\/06\/BANNER-HORIZONTAL-1-1-600x188.jpeg 600w\" sizes=\"(max-width: 1280px) 100vw, 1280px\" width=\"1280\" height=\"400\"   \/><\/a><\/div>","protected":false},"excerpt":{"rendered":"<p>Croacia estuvo representada por Ema Helena Vi\u010dar y Bolivia por Vanessa Kraljevic, de ascendencia croata.<\/p>","protected":false},"author":4,"featured_media":7482,"comment_status":"closed","ping_status":"open","sticky":false,"template":"","format":"standard","meta":{"footnotes":""},"categories":[79,172],"tags":[404,92,941,940,939,156,944,943,942],"class_list":["post-7481","post","type-post","status-publish","format-standard","has-post-thumbnail","hentry","category-cultura-y-sociedad","category-destacadas","tag-bolivia","tag-croacia","tag-educacion-2","tag-kraljevic","tag-miss-mundo","tag-mujeres","tag-republica-dominicana","tag-vicar-2","tag-vicar"],"_links":{"self":[{"href":"https:\/\/crolatam.com\/hrv\/wp-json\/wp\/v2\/posts\/7481","targetHints":{"allow":["GET"]}}],"collection":[{"href":"https:\/\/crolatam.com\/hrv\/wp-json\/wp\/v2\/posts"}],"about":[{"href":"https:\/\/crolatam.com\/hrv\/wp-json\/wp\/v2\/types\/post"}],"author":[{"embeddable":true,"href":"https:\/\/crolatam.com\/hrv\/wp-json\/wp\/v2\/users\/4"}],"replies":[{"embeddable":true,"href":"https:\/\/crolatam.com\/hrv\/wp-json\/wp\/v2\/comments?post=7481"}],"version-history":[{"count":1,"href":"https:\/\/crolatam.com\/hrv\/wp-json\/wp\/v2\/posts\/7481\/revisions"}],"predecessor-version":[{"id":7487,"href":"https:\/\/crolatam.com\/hrv\/wp-json\/wp\/v2\/posts\/7481\/revisions\/7487"}],"wp:featuredmedia":[{"embeddable":true,"href":"https:\/\/crolatam.com\/hrv\/wp-json\/wp\/v2\/media\/7482"}],"wp:attachment":[{"href":"https:\/\/crolatam.com\/hrv\/wp-json\/wp\/v2\/media?parent=7481"}],"wp:term":[{"taxonomy":"category","embeddable":true,"href":"https:\/\/crolatam.com\/hrv\/wp-json\/wp\/v2\/categories?post=7481"},{"taxonomy":"post_tag","embeddable":true,"href":"https:\/\/crolatam.com\/hrv\/wp-json\/wp\/v2\/tags?post=7481"}],"curies":[{"name":"radni list","href":"https:\/\/api.w.org\/{rel}","templated":true}]}}