{"id":7488,"date":"2026-09-05T22:35:27","date_gmt":"2026-09-05T22:35:27","guid":{"rendered":"https:\/\/crolatam.com\/?p=7488"},"modified":"2026-09-05T22:35:28","modified_gmt":"2026-09-05T22:35:28","slug":"juan-mihovilovich-presenta-su-nueva-novela-en-zagreb","status":"publish","type":"post","link":"https:\/\/crolatam.com\/hrv\/juan-mihovilovich-presenta-su-nueva-novela-en-zagreb\/","title":{"rendered":"Juan Mihovilovich presenta su nueva novela en Zagreb"},"content":{"rendered":"<p class=\"wp-block-paragraph\">El escritor chileno de ra\u00edces croatas Juan Mihovilovich presentar\u00e1 el martes 8 de septiembre, en el marco del Festival de Literatura Mundial, su nueva novela, &#8220;El amor de los caracoles&#8221;, en la que sigue a los miembros de una familia a lo largo de varias generaciones y retrata la vida de un pueblo sudamericano marcada por la tradici\u00f3n y la superstici\u00f3n.<\/p><p class=\"wp-block-paragraph\">La novela est\u00e1 ambientada en un entorno rural cercano a la ciudad chilena de Curepto y sigue a los miembros de una familia a trav\u00e9s de varias generaciones. Al mismo tiempo, retrata la vida de un pueblo sudamericano marcada por la tradici\u00f3n, la superstici\u00f3n, las relaciones interpersonales y la destrucci\u00f3n del medio ambiente.<\/p><p class=\"wp-block-paragraph\">La historia est\u00e1 narrada por un ni\u00f1o llamado Pablo, que relaciona los acontecimientos de la vida cotidiana con sus sue\u00f1os y mundos imaginarios. Entre los personajes tambi\u00e9n se encuentran Laura, Clarita y Lautaro, y a trav\u00e9s de sus relaciones la novela aborda temas como el amor, la familia, el crecimiento y la memoria.<\/p><p class=\"wp-block-paragraph\">La novela &#8220;El amor de los caracoles&#8221;, de Juan Mihovilovich, traducida por \u017deljka Lovren\u010di\u0107, ha sido publicada por la editorial Neolit. El 8 de septiembre, a las 18:00 hora local, Mihovilovich participar\u00e1 en el programa &#8220;Retrato doble&#8221; junto al escritor croata Marinko Ko\u0161\u010dec, en HNK2.<\/p><p class=\"wp-block-paragraph\">Juan Mihovilovich Hern\u00e1ndez naci\u00f3 en 1951 en Punta Arenas y pertenece a la tercera generaci\u00f3n de emigrantes croatas en Chile. Es abogado de profesi\u00f3n y trabaj\u00f3 como juez, mientras desarrollaba paralelamente su carrera literaria. Es autor de novelas, cuentos, poes\u00eda y ensayos.<\/p><p class=\"wp-block-paragraph\">En croata se han publicado sus novelas &#8220;Sus pies descalzos sobre la nieve&#8221;, &#8220;La epidemia de la locura&#8221;, &#8220;Yo, mi hermano&#8221; y &#8220;El amor de los caracoles&#8221;, as\u00ed como el libro de cuentos &#8220;El clasificador&#8221;.<\/p><p class=\"wp-block-paragraph\">Pertenece al grupo de escritores chilenos que se consolidaron durante la d\u00e9cada de 1980, conocido como la &#8220;generaci\u00f3n de escritores de la \u00e9poca del golpe de Estado&#8221;.<\/p><p class=\"wp-block-paragraph\"><strong>FOTOGRAFIJA:<\/strong> Letras de Chile<\/p><div id=\"banner-blog-mobile\" class=\"crola-after-content-2 crola-entity-placement\"><a href=\"https:\/\/wa.me\/5491169138790\" aria-label=\"PRAVOKUTNI TRANSPARENT 1\"><img src=\"https:\/\/crolatam.com\/wp-content\/uploads\/2026\/06\/BANNER-RECTANGULAR-1.jpeg\" alt=\"\"  srcset=\"https:\/\/crolatam.com\/wp-content\/uploads\/2026\/06\/BANNER-RECTANGULAR-1.jpeg 1280w, https:\/\/crolatam.com\/wp-content\/uploads\/2026\/06\/BANNER-RECTANGULAR-1-300x250.jpeg 300w, https:\/\/crolatam.com\/wp-content\/uploads\/2026\/06\/BANNER-RECTANGULAR-1-1024x854.jpeg 1024w, https:\/\/crolatam.com\/wp-content\/uploads\/2026\/06\/BANNER-RECTANGULAR-1-768x641.jpeg 768w, https:\/\/crolatam.com\/wp-content\/uploads\/2026\/06\/BANNER-RECTANGULAR-1-14x12.jpeg 14w, https:\/\/crolatam.com\/wp-content\/uploads\/2026\/06\/BANNER-RECTANGULAR-1-600x501.jpeg 600w\" sizes=\"(max-width: 1280px) 100vw, 1280px\" width=\"1280\" height=\"1068\"   \/><\/a><\/div><div id=\"banner-blog-desktop\" class=\"crola-after-content crola-entity-placement\"><a href=\"https:\/\/wa.me\/5491169138790\" aria-label=\"HORIZONTALNI TRANSPARENT 1 (1)\"><img src=\"https:\/\/crolatam.com\/wp-content\/uploads\/2026\/06\/BANNER-HORIZONTAL-1-1.jpeg\" alt=\"\"  srcset=\"https:\/\/crolatam.com\/wp-content\/uploads\/2026\/06\/BANNER-HORIZONTAL-1-1.jpeg 1280w, https:\/\/crolatam.com\/wp-content\/uploads\/2026\/06\/BANNER-HORIZONTAL-1-1-300x94.jpeg 300w, https:\/\/crolatam.com\/wp-content\/uploads\/2026\/06\/BANNER-HORIZONTAL-1-1-1024x320.jpeg 1024w, https:\/\/crolatam.com\/wp-content\/uploads\/2026\/06\/BANNER-HORIZONTAL-1-1-768x240.jpeg 768w, https:\/\/crolatam.com\/wp-content\/uploads\/2026\/06\/BANNER-HORIZONTAL-1-1-18x6.jpeg 18w, https:\/\/crolatam.com\/wp-content\/uploads\/2026\/06\/BANNER-HORIZONTAL-1-1-600x188.jpeg 600w\" sizes=\"(max-width: 1280px) 100vw, 1280px\" width=\"1280\" height=\"400\"   \/><\/a><\/div>","protected":false},"excerpt":{"rendered":"<p>&#8220;El amor de los caracoles&#8221; ser\u00e1 presentada el 8 de septiembre en el marco del Festival Mundial de Literatura.<\/p>","protected":false},"author":4,"featured_media":7489,"comment_status":"closed","ping_status":"open","sticky":false,"template":"","format":"standard","meta":{"footnotes":""},"categories":[79],"tags":[335,92,947,946,504,139,945,828],"class_list":["post-7488","post","type-post","status-publish","format-standard","has-post-thumbnail","hentry","category-cultura-y-sociedad","tag-chile","tag-croacia","tag-el-amor-de-los-caracoles","tag-festival","tag-libro","tag-literatura","tag-mihovilovich","tag-novela"],"_links":{"self":[{"href":"https:\/\/crolatam.com\/hrv\/wp-json\/wp\/v2\/posts\/7488","targetHints":{"allow":["GET"]}}],"collection":[{"href":"https:\/\/crolatam.com\/hrv\/wp-json\/wp\/v2\/posts"}],"about":[{"href":"https:\/\/crolatam.com\/hrv\/wp-json\/wp\/v2\/types\/post"}],"author":[{"embeddable":true,"href":"https:\/\/crolatam.com\/hrv\/wp-json\/wp\/v2\/users\/4"}],"replies":[{"embeddable":true,"href":"https:\/\/crolatam.com\/hrv\/wp-json\/wp\/v2\/comments?post=7488"}],"version-history":[{"count":1,"href":"https:\/\/crolatam.com\/hrv\/wp-json\/wp\/v2\/posts\/7488\/revisions"}],"predecessor-version":[{"id":7490,"href":"https:\/\/crolatam.com\/hrv\/wp-json\/wp\/v2\/posts\/7488\/revisions\/7490"}],"wp:featuredmedia":[{"embeddable":true,"href":"https:\/\/crolatam.com\/hrv\/wp-json\/wp\/v2\/media\/7489"}],"wp:attachment":[{"href":"https:\/\/crolatam.com\/hrv\/wp-json\/wp\/v2\/media?parent=7488"}],"wp:term":[{"taxonomy":"category","embeddable":true,"href":"https:\/\/crolatam.com\/hrv\/wp-json\/wp\/v2\/categories?post=7488"},{"taxonomy":"post_tag","embeddable":true,"href":"https:\/\/crolatam.com\/hrv\/wp-json\/wp\/v2\/tags?post=7488"}],"curies":[{"name":"radni list","href":"https:\/\/api.w.org\/{rel}","templated":true}]}}