{"id":7494,"date":"2026-09-06T08:13:55","date_gmt":"2026-09-06T08:13:55","guid":{"rendered":"https:\/\/crolatam.com\/?p=7494"},"modified":"2026-09-06T11:13:51","modified_gmt":"2026-09-06T11:13:51","slug":"una-croata-de-buenos-aires-lleva-el-espiritu-argentino-a-la-protesta-en-zagreb","status":"publish","type":"post","link":"https:\/\/crolatam.com\/hrv\/una-croata-de-buenos-aires-lleva-el-espiritu-argentino-a-la-protesta-en-zagreb\/","title":{"rendered":"Una croata de Buenos Aires lleva el esp\u00edritu argentino a la protesta en Zagreb"},"content":{"rendered":"<p class=\"wp-block-paragraph\">Mientras decenas de miles de personas indignadas llegaban en la principal plaza de Zagreb, para exigir que se retire el residuo peligroso de Lika, a una mujer de 70 a\u00f1os se le llenaron los ojos de l\u00e1grimas.<\/p><p class=\"wp-block-paragraph\">&#8220;Es hermoso para el alma ver a tanta gente&#8221;, dijo Elena Pollich, visiblemente emocionada en la plaza Ban Josip Jela\u010di\u0107.<\/p><p class=\"wp-block-paragraph\">Pollich, una croata nacida en Buenos Aires, la capital de Argentina, trabaja como agente de viajes y se encuentra de visita en Rijeka, desde donde viaj\u00f3 160<strong> <\/strong>kil\u00f3metros en coche con unas amigas para participar en la protesta.<\/p><p class=\"wp-block-paragraph\">&#8220;Si la gente no demuestra que existen l\u00edmites, cada uno har\u00e1 lo que quiera&#8221;, agreg\u00f3 mientras sosten\u00eda con firmeza una bandera croata a cuadros rojos y blancos.<\/p><p class=\"wp-block-paragraph\">El centro de la capital estaba lleno de gente que hab\u00eda llegado para exigir al Gobierno croata la retirada urgente de unas 33.000 toneladas de residuos peligrosos enterrados en la regi\u00f3n monta\u00f1osa de Lika y reclamar responsabilidades por las fallas en la gesti\u00f3n y supervisi\u00f3n de los residuos.<\/p><p class=\"wp-block-paragraph\">Lika, una regi\u00f3n predominantemente monta\u00f1osa y rural del interior de Croacia, se caracteriza por sus bosques, monta\u00f1as y paisajes k\u00e1rsticos. El hallazgo de grandes cantidades de residuos enterrados en las proximidades de la ciudad de Gospi\u0107 ha generado preocupaci\u00f3n entre los habitantes por los posibles efectos sobre el suelo, el agua y el medio ambiente.<\/p><p class=\"wp-block-paragraph\">Pollich, cuyos padres emigraron a Argentina en 1948, est\u00e1 acostumbrada a participar en protestas en ese pa\u00eds sudamericano. All\u00ed, los ciudadanos suelen salir a las calles cuando est\u00e1n descontentos. En ocasiones no logran conseguir sus demandas, pero en los \u00faltimos a\u00f1os, debido a la presi\u00f3n de las calles, las investigaciones period\u00edsticas y los esc\u00e1ndalos de corrupci\u00f3n, algunos pol\u00edticos han terminado en prisi\u00f3n.<\/p><p class=\"wp-block-paragraph\">Pollich suele hablar con su pareja, oriundo de Rijeka, sobre el temperamento de la gente. Le sorprende la pasividad de algunas personas en Croacia.<\/p><p class=\"wp-block-paragraph\">&#8220;Le pregunto por qu\u00e9 aqu\u00ed la gente nunca protesta&#8221;, explica.<\/p><p class=\"wp-block-paragraph\">Cuando la iniciativa ciudadana &#8220;Gospi\u0107 es nuestro hogar&#8221; organiz\u00f3 la protesta &#8220;Camina por Lika, camina por Croacia&#8221;, supo que ten\u00eda que estar all\u00ed. Quer\u00eda mostrar con su ejemplo c\u00f3mo salir a las calles cuando ocurren &#8220;cosas terribles&#8221;, como el enterramiento  de residuos ilegales y peligrosos importados de Eslovenia e Italia.<\/p><p class=\"wp-block-paragraph\">Sus amigas, con banderas croatas atadas alrededor de la cintura y de sus bolsos, se\u00f1alan que el s\u00e1bado tambi\u00e9n se estaba defendiendo y cuidando a Croacia.<\/p><p class=\"wp-block-paragraph\">Para Pollich, la cuesti\u00f3n del agua, la tierra y el medioambiente es especialmente importante.<\/p><p class=\"wp-block-paragraph\">Su bisabuelo, Mate Pollich, ocup\u00f3 un cargo directivo en la ciudad costera croata de Bakar cuando all\u00ed se instal\u00f3 el suministro de agua corriente en 1885. Su abuelo, por su parte, era marino y en 1908 lleg\u00f3 a Buenos Aires y conoci\u00f3 la ciudad.<\/p><p class=\"wp-block-paragraph\">Esa ciudad estaba en la mente de sus padres, que se casaron en 1943, en plena Segunda Guerra Mundial, y que posteriormente abandonaron Su\u0161ak, actualmente parte de Rijeka, rumbo a Trieste para emigrar de Yugoslavia.<\/p><p class=\"wp-block-paragraph\">&#8220;Buscaban una ciudad fuera de Europa, pero que tuviera aspecto europeo&#8221;, cont\u00f3 Pollich.<\/p><p class=\"wp-block-paragraph\">A comienzos del siglo XX, Argentina era uno de los pa\u00edses m\u00e1s ricos del mundo y los inmigrantes contribuyeron a introducir una arquitectura inspirada en Madrid y Par\u00eds. Sus padres llegaron all\u00ed en un barco lleno de emigrantes organizado por la Cruz Roja.<\/p><p class=\"wp-block-paragraph\">En el nuevo hogar de sus padres se conserv\u00f3 el idioma croata. Elena Pollich tiene hoy cuatro hijos y seis nietos que pasan los veranos en Croacia. Para ella es importante que conozcan lo mejor posible el pa\u00eds.<\/p><p class=\"wp-block-paragraph\">&#8220;Me gustar\u00eda que Croacia siguiera siendo  hermosa, limpia y saludable&#8221;, se\u00f1ala. Por eso, el s\u00e1bado llev\u00f3 un poco de temperamento argentino a la protesta.<\/p><p class=\"wp-block-paragraph\">&#8220;Si el pueblo no protesta, si no se queja, entonces todos los gobiernos hacen lo que quieren&#8221;, afirma Pollich.<\/p><p class=\"wp-block-paragraph\"><\/p><figure class=\"wp-block-image size-large\"><img fetchpriority=\"high\" decoding=\"async\" width=\"768\" height=\"1024\" src=\"https:\/\/crolatam.com\/wp-content\/uploads\/2026\/09\/IMG-20260905-WA00021-768x1024.jpg\" alt=\"\" class=\"wp-image-7495\" srcset=\"https:\/\/crolatam.com\/wp-content\/uploads\/2026\/09\/IMG-20260905-WA00021-768x1024.jpg 768w, https:\/\/crolatam.com\/wp-content\/uploads\/2026\/09\/IMG-20260905-WA00021-225x300.jpg 225w, https:\/\/crolatam.com\/wp-content\/uploads\/2026\/09\/IMG-20260905-WA00021-1152x1536.jpg 1152w, https:\/\/crolatam.com\/wp-content\/uploads\/2026\/09\/IMG-20260905-WA00021-9x12.jpg 9w, https:\/\/crolatam.com\/wp-content\/uploads\/2026\/09\/IMG-20260905-WA00021-600x800.jpg 600w, https:\/\/crolatam.com\/wp-content\/uploads\/2026\/09\/IMG-20260905-WA00021.jpg 1536w\" sizes=\"(max-width: 768px) 100vw, 768px\" \/><\/figure><p class=\"wp-block-paragraph\">Elena Pollich con sus amigas de Rijeka en Zagreb<\/p><p class=\"wp-block-paragraph\"><\/p><div id=\"banner-blog-mobile\" class=\"crola-after-content-2 crola-entity-placement\"><a href=\"https:\/\/wa.me\/5491169138790\" aria-label=\"PRAVOKUTNI TRANSPARENT 1\"><img src=\"https:\/\/crolatam.com\/wp-content\/uploads\/2026\/06\/BANNER-RECTANGULAR-1.jpeg\" alt=\"\"  srcset=\"https:\/\/crolatam.com\/wp-content\/uploads\/2026\/06\/BANNER-RECTANGULAR-1.jpeg 1280w, https:\/\/crolatam.com\/wp-content\/uploads\/2026\/06\/BANNER-RECTANGULAR-1-300x250.jpeg 300w, https:\/\/crolatam.com\/wp-content\/uploads\/2026\/06\/BANNER-RECTANGULAR-1-1024x854.jpeg 1024w, https:\/\/crolatam.com\/wp-content\/uploads\/2026\/06\/BANNER-RECTANGULAR-1-768x641.jpeg 768w, https:\/\/crolatam.com\/wp-content\/uploads\/2026\/06\/BANNER-RECTANGULAR-1-14x12.jpeg 14w, https:\/\/crolatam.com\/wp-content\/uploads\/2026\/06\/BANNER-RECTANGULAR-1-600x501.jpeg 600w\" sizes=\"(max-width: 1280px) 100vw, 1280px\" width=\"1280\" height=\"1068\"   \/><\/a><\/div><div id=\"banner-blog-desktop\" class=\"crola-after-content crola-entity-placement\"><a href=\"https:\/\/wa.me\/5491169138790\" aria-label=\"HORIZONTALNI TRANSPARENT 1 (1)\"><img src=\"https:\/\/crolatam.com\/wp-content\/uploads\/2026\/06\/BANNER-HORIZONTAL-1-1.jpeg\" alt=\"\"  srcset=\"https:\/\/crolatam.com\/wp-content\/uploads\/2026\/06\/BANNER-HORIZONTAL-1-1.jpeg 1280w, https:\/\/crolatam.com\/wp-content\/uploads\/2026\/06\/BANNER-HORIZONTAL-1-1-300x94.jpeg 300w, https:\/\/crolatam.com\/wp-content\/uploads\/2026\/06\/BANNER-HORIZONTAL-1-1-1024x320.jpeg 1024w, https:\/\/crolatam.com\/wp-content\/uploads\/2026\/06\/BANNER-HORIZONTAL-1-1-768x240.jpeg 768w, https:\/\/crolatam.com\/wp-content\/uploads\/2026\/06\/BANNER-HORIZONTAL-1-1-18x6.jpeg 18w, https:\/\/crolatam.com\/wp-content\/uploads\/2026\/06\/BANNER-HORIZONTAL-1-1-600x188.jpeg 600w\" sizes=\"(max-width: 1280px) 100vw, 1280px\" width=\"1280\" height=\"400\"   \/><\/a><\/div>","protected":false},"excerpt":{"rendered":"<p>Elena Pollich, agente de viajes de 70 a\u00f1os, exige retirar los residuos peligrosos de la regi\u00f3n monta\u00f1osa de Lika.<\/p>","protected":false},"author":4,"featured_media":7496,"comment_status":"closed","ping_status":"open","sticky":false,"template":"","format":"standard","meta":{"footnotes":""},"categories":[172,167,84],"tags":[103,758,951,950,938,853,799,611,170],"class_list":["post-7494","post","type-post","status-publish","format-standard","has-post-thumbnail","hentry","category-destacadas","category-migracion","category-migracion-y-diaspora","tag-argentina","tag-lika","tag-manifestacion","tag-pollich","tag-protesta","tag-residuos","tag-residuos-peligrosos","tag-rijeka","tag-zagreb"],"_links":{"self":[{"href":"https:\/\/crolatam.com\/hrv\/wp-json\/wp\/v2\/posts\/7494","targetHints":{"allow":["GET"]}}],"collection":[{"href":"https:\/\/crolatam.com\/hrv\/wp-json\/wp\/v2\/posts"}],"about":[{"href":"https:\/\/crolatam.com\/hrv\/wp-json\/wp\/v2\/types\/post"}],"author":[{"embeddable":true,"href":"https:\/\/crolatam.com\/hrv\/wp-json\/wp\/v2\/users\/4"}],"replies":[{"embeddable":true,"href":"https:\/\/crolatam.com\/hrv\/wp-json\/wp\/v2\/comments?post=7494"}],"version-history":[{"count":5,"href":"https:\/\/crolatam.com\/hrv\/wp-json\/wp\/v2\/posts\/7494\/revisions"}],"predecessor-version":[{"id":7503,"href":"https:\/\/crolatam.com\/hrv\/wp-json\/wp\/v2\/posts\/7494\/revisions\/7503"}],"wp:featuredmedia":[{"embeddable":true,"href":"https:\/\/crolatam.com\/hrv\/wp-json\/wp\/v2\/media\/7496"}],"wp:attachment":[{"href":"https:\/\/crolatam.com\/hrv\/wp-json\/wp\/v2\/media?parent=7494"}],"wp:term":[{"taxonomy":"category","embeddable":true,"href":"https:\/\/crolatam.com\/hrv\/wp-json\/wp\/v2\/categories?post=7494"},{"taxonomy":"post_tag","embeddable":true,"href":"https:\/\/crolatam.com\/hrv\/wp-json\/wp\/v2\/tags?post=7494"}],"curies":[{"name":"radni list","href":"https:\/\/api.w.org\/{rel}","templated":true}]}}